{"headers": {"id": "ID", "ano": "Ano", "numero": "N\u00famero", "tipo__sigla": "Tipo de Mat\u00e9ria Legislativa/Sigla", "tipo__descricao": "Tipo de Mat\u00e9ria Legislativa/Descri\u00e7\u00e3o", "autoria": "Autorias", "texto_original": "Texto Original", "ementa": "Ementa"}, "results": [{"id": "2083", "ano": "2019", "numero": "1", "tipo__sigla": "EMOD", "tipo__descricao": "Emenda Modificativa", "autoria": "COF - COMISS\u00c3O DE OR\u00c7AMENTOS E FINAN\u00c7AS", "texto_original": "http://sapl.donaines.pb.leg.br/media/sapl/public/materialegislativa/2019/2083/emenda_modificativa_n_01_ao_pl__n_019_de_2019.pdf", "ementa": "EMENDA MODIFICATIVA N\u00ba 001/2019. DISP\u00d5E SOBRE EMENDA AO PROJETO DE LEI N\u00ba 019/2019 QUE ESTABELECEM AS DIRETRIZES PARA A ELABORA\u00c7\u00c3O DO OR\u00c7AMENTO GERAL DO MUNIC\u00cdPIO PARA O EXERC\u00cdCIO DE 2020."}, {"id": "2084", "ano": "2019", "numero": "2", "tipo__sigla": "EMOD", "tipo__descricao": "Emenda Modificativa", "autoria": "COF - COMISS\u00c3O DE OR\u00c7AMENTOS E FINAN\u00c7AS", "texto_original": "http://sapl.donaines.pb.leg.br/media/sapl/public/materialegislativa/2019/2084/emenda_modificativa_n_02_ao_pl__n_019_de_2019.pdf", "ementa": "EMENDA MODIFICATIVA N\u00ba 002/2019 AO PROJETO DE LEI N\u00ba 19/2019, QUE ESTABELECEM AS DIRETRIZES PARA A ELABORA\u00c7\u00c3O DO OR\u00c7AMENTO GERALDO MUNIC\u00cdPIO PARA O EXERC\u00cdCIO DE 2020."}, {"id": "2166", "ano": "2019", "numero": "3", "tipo__sigla": "EMOD", "tipo__descricao": "Emenda Modificativa", "autoria": "EDMILSON ROCHA", "texto_original": "http://sapl.donaines.pb.leg.br/media/sapl/public/materialegislativa/2019/2166/emenda_modificativa_n_03_ao_pl__n_031_de_2019.pdf", "ementa": "AO PROJETO DE LEI N\u00ba 031/2019. \u201cQUE ESTIMA A RECEITA E FIXA A DESPESA DO MUNIC\u00cdPIO DE DONA IN\u00caS, PARA O EXERC\u00cdCIO ECON\u00d4MICO- FINANCEIRO DE 2020 E D\u00c1 OUTRAS PROVID\u00caNCIAS\u201d."}, {"id": "2167", "ano": "2019", "numero": "4", "tipo__sigla": "EMOD", "tipo__descricao": "Emenda Modificativa", "autoria": "JOS\u00c9 EDMILSON", "texto_original": "http://sapl.donaines.pb.leg.br/media/sapl/public/materialegislativa/2019/2167/emenda_modificativa_n_04_ao_pl__n_031_de_2019.pdf", "ementa": "AO PROJETO DE LEI N\u00ba 031/2019. \u201cQUE ESTIMA A RECEITA E FIXA A DESPESA DO MUNIC\u00cdPIO DE DONA IN\u00caS, PARA O EXERC\u00cdCIO ECON\u00d4MICO- FINANCEIRO DE 2020 E D\u00c1 OUTRAS PROVID\u00caNCIAS."}, {"id": "2082", "ano": "2019", "numero": "1", "tipo__sigla": "PDL", "tipo__descricao": "Projeto de Decreto Legislativo", "autoria": "COF - COMISS\u00c3O DE OR\u00c7AMENTOS E FINAN\u00c7AS", "texto_original": "http://sapl.donaines.pb.leg.br/media/sapl/public/materialegislativa/2019/2082/projeto_de_decreto_legislativo_n_001_de_25_de_m_ekea66L.pdf", "ementa": "DISP\u00d5E SOBRE A APROVA\u00c7\u00c3O DA PRESTA\u00c7\u00c3O DE CONTAS ANUAIS DA PREFEITURA MUNICIPAL DE DONA IN\u00caS/PB , EXERC\u00cdCIO  DE 2017, E D\u00c1 OUTRAS PROVID\u00caNCIAS."}, {"id": "2135", "ano": "2019", "numero": "2", "tipo__sigla": "PDL", "tipo__descricao": "Projeto de Decreto Legislativo", "autoria": "DAM\u00c1SIO BERTO", "texto_original": "http://sapl.donaines.pb.leg.br/media/sapl/public/materialegislativa/2019/2135/projeto_de_decreto_legislativo_n002_de_04_de_novembro_de_2019.pdf", "ementa": "DISP\u00d5E SOBRE O T\u00cdTULO DE CIDADANIA E D\u00c1 OUTRAS PROVID\u00caNCIAS."}, {"id": "2154", "ano": "2019", "numero": "3", "tipo__sigla": "PDL", "tipo__descricao": "Projeto de Decreto Legislativo", "autoria": "ROSILENE FERREIRA (ROSINHA)", "texto_original": "http://sapl.donaines.pb.leg.br/media/sapl/public/materialegislativa/2019/2154/projeto_de_decreto_legislativo_n003_de_04_de_no_tVhyBk7.pdf", "ementa": "CONCEDE T\u00cdTULO DE CIDAD\u00c3O DONAINESENSE E ADOTA OUTRAS PROVID\u00caNCIAS."}, {"id": "1988", "ano": "2019", "numero": "1", "tipo__sigla": "PLO", "tipo__descricao": "Projeto de Lei Ordin\u00e1ria", "autoria": "MESA DA C\u00c2MARA", "texto_original": "http://sapl.donaines.pb.leg.br/media/sapl/public/materialegislativa/2019/1988/projeto_de_lei_n_001_de_2019.pdf", "ementa": "FIXA O \u00cdNDICE DE REVIS\u00c3O GERAL ANUAL, PRECEITUADA NO ART. 37, INCISO X, DA CF/88, COMBINADO COMO ART. 49, XVI, DA LOM, PARA AS REMUNERA\u00c7\u00d5ES E SUBS\u00cdDIOS DOS SERVIDORES E AGENTES POL\u00cdTICOS DO PODER LEGISLATIVO NO EXERC\u00cdCIO DE 2019, E D\u00c1 OUTRAS PROVID\u00caNCIAS."}, {"id": "1989", "ano": "2019", "numero": "2", "tipo__sigla": "PLO", "tipo__descricao": "Projeto de Lei Ordin\u00e1ria", "autoria": "MESA DA C\u00c2MARA", "texto_original": "http://sapl.donaines.pb.leg.br/media/sapl/public/materialegislativa/2019/1989/projeto_de_lei_n_002_de_2019.pdf", "ementa": "FIXA VALOR DO SAL\u00c1RIO M\u00cdNIMO DO SERVIDORES DA C\u00c2MARA MUNICIPAL DE DONA IN\u00caS /PB E DA OUTRAS PROVID\u00caNCIAS."}, {"id": "1990", "ano": "2019", "numero": "3", "tipo__sigla": "PLO", "tipo__descricao": "Projeto de Lei Ordin\u00e1ria", "autoria": "DAM\u00c1SIO BERTO", "texto_original": "http://sapl.donaines.pb.leg.br/media/sapl/public/materialegislativa/2019/1990/projeto_de_lei_n_003_de_2019.pdf", "ementa": "INSTITUI A CAMPANHA DE CONSCIENTIZA\u00c7\u00c3O SOBRE A HANSEN\u00cdASE, DENOMINADA DE \"JANEIRO ROXO\", NO MUNIC\u00cdPIO DE DONA IN\u00caS E D\u00c1 OUTRAS PROVID\u00caNCIAS."}, {"id": "1991", "ano": "2019", "numero": "4", "tipo__sigla": "PLO", "tipo__descricao": "Projeto de Lei Ordin\u00e1ria", "autoria": "DAM\u00c1SIO BERTO", "texto_original": "http://sapl.donaines.pb.leg.br/media/sapl/public/materialegislativa/2019/1991/projeto_de_lei_n_004_de_2019.pdf", "ementa": "INSTITUI A CAMPANHA DE EST\u00cdMULO AO CUIDADO MENTAL E BEM ESTAR, DENOMINADA \"JANEIRO BRANCO\", NO MUNIC\u00cdPIO DE DONA IN\u00caS E D\u00c1 OUTRAS PROVID\u00caNCIAS."}, {"id": "1992", "ano": "2019", "numero": "5", "tipo__sigla": "PLO", "tipo__descricao": "Projeto de Lei Ordin\u00e1ria", "autoria": "DAM\u00c1SIO BERTO", "texto_original": "http://sapl.donaines.pb.leg.br/media/sapl/public/materialegislativa/2019/1992/projeto_de_lei_n_005_de_2019.pdf", "ementa": "DISP\u00d5E SOBRE A INSTITUI\u00c7\u00c3O DA CAMPANHA DE PREVEN\u00c7\u00c3O AO SUIC\u00cdDIO \"SETEMBRO AMARELO\" NO MUNIC\u00cdPIO DE DONA IN\u00caS E D\u00c1 OUTRAS PROVID\u00caNCIAS."}, {"id": "1993", "ano": "2019", "numero": "6", "tipo__sigla": "PLO", "tipo__descricao": "Projeto de Lei Ordin\u00e1ria", "autoria": "DAM\u00c1SIO BERTO", "texto_original": "http://sapl.donaines.pb.leg.br/media/sapl/public/materialegislativa/2019/1993/projeto_de_lei_n_006_de_2019.pdf", "ementa": "DISP\u00d5E SOBRE A OBRIGATORIEDADE DA DISPONIBILIZA\u00c7\u00c3O DE INFORMA\u00c7\u00d5ES , SOBRE MEDICAMENTOS DISTRIBU\u00cdDOS GRATUITAMENTE \u00c0 POPULA\u00c7\u00c3O PELO SISTEMA \u00daNICO DE SA\u00daDE (SUS), NO MUNIC\u00cdPIO DE DONA IN\u00caS E D\u00c1 OUTRAS PROVID\u00caNCIAS."}, {"id": "1994", "ano": "2019", "numero": "7", "tipo__sigla": "PLO", "tipo__descricao": "Projeto de Lei Ordin\u00e1ria", "autoria": "DAM\u00c1SIO BERTO", "texto_original": "http://sapl.donaines.pb.leg.br/media/sapl/public/materialegislativa/2019/1994/projeto_de_lei_n_007_de_2019.pdf", "ementa": "INSTITUI A \"SEMANA DA FAM\u00cdLIA NA ESCOLA\", NO \u00c2MBITO DO MUNIC\u00cdPIO DE DONA IN\u00caS, E D\u00c1 OUTRAS PROVID\u00caNCIAS."}, {"id": "2007", "ano": "2019", "numero": "8", "tipo__sigla": "PLO", "tipo__descricao": "Projeto de Lei Ordin\u00e1ria", "autoria": "RHUAN RIBEIRO", "texto_original": "http://sapl.donaines.pb.leg.br/media/sapl/public/materialegislativa/2019/2007/projeto_de_lei_n_008_de_2019.pdf", "ementa": "FICA PERMITIDO A CADA TIME A PARTICIPA\u00c7\u00c3O DE 10% (DEZ POR CENTO) DE ATLETAS (JOGADORES) N\u00c3O RESIDENTES NO MUNIC\u00cdPIO DE DONA IN\u00caS EM CAMPEONATOS OU TORNEIOS MUNICIPAIS E D\u00c1 OUTRAS PROVID\u00caNCIAS."}, {"id": "2008", "ano": "2019", "numero": "9", "tipo__sigla": "PLO", "tipo__descricao": "Projeto de Lei Ordin\u00e1ria", "autoria": "DAM\u00c1SIO BERTO", "texto_original": "http://sapl.donaines.pb.leg.br/media/sapl/public/materialegislativa/2019/2008/projeto_de_lei_n_009_de_2019.pdf", "ementa": "DISP\u00d5E SOBRE A ISEN\u00c7\u00c3O DE PAGAMENTO DE TAXAS DE INSCRI\u00c7\u00c3O EM SELETIVOS DE CONTRATA\u00c7\u00c3O E CONCURSOS P\u00daBLICOS, NO \u00c2MBITO DO MUNIC\u00cdPIO DE DONA IN\u00caS,PARA CIDAD\u00c3OS QUE PRESTEM SERVI\u00c7OS \u00c0 JUSTI\u00c7A ELEITORAL NO PER\u00cdODO DE ELEI\u00c7\u00c3O E D\u00c1 OUTRAS PROVID\u00caNCIAS."}, {"id": "2031", "ano": "2019", "numero": "10", "tipo__sigla": "PLO", "tipo__descricao": "Projeto de Lei Ordin\u00e1ria", "autoria": "PREFEITO MUNICIPAL", "texto_original": "http://sapl.donaines.pb.leg.br/media/sapl/public/materialegislativa/2019/2031/projeto_de_lei_n_010_de_2019.pdf", "ementa": "DISP\u00d5E SOBRE O REAJUSTE DO SAL\u00c1RIO M\u00cdNIMO DOS SERVIDORES MUNICIPAL E D\u00c1 OUTRAS PROVID\u00caNCIAS."}, {"id": "2032", "ano": "2019", "numero": "11", "tipo__sigla": "PLO", "tipo__descricao": "Projeto de Lei Ordin\u00e1ria", "autoria": "PREFEITO MUNICIPAL", "texto_original": "http://sapl.donaines.pb.leg.br/media/sapl/public/materialegislativa/2019/2032/projeto_de_lei_n_011_de_2019.pdf", "ementa": "DISP\u00d5E SOBRE O REAJUSTE DO PISO SALARIAL DOS PROFISSIONAIS DOS AGENTE COMUNIT\u00c1RIOS DE SA\u00daDE E DOS AGENTES DE COMBATES AS ENDEMIAS E D\u00c1 OUTRAS PROVID\u00caNCIAS."}, {"id": "2034", "ano": "2019", "numero": "12", "tipo__sigla": "PLO", "tipo__descricao": "Projeto de Lei Ordin\u00e1ria", "autoria": "DAM\u00c1SIO BERTO", "texto_original": "http://sapl.donaines.pb.leg.br/media/sapl/public/materialegislativa/2019/2034/projeto_de_lei_n_012_de_2019.pdf", "ementa": "INSTITUI O \"DIA MUNICIPAL DO DOADOR VOLUNT\u00c1RIO DE SANGUE\" E A \"SEMANA MUNICIPAL DE INCENTIVO \u00c0 DOA\u00c7\u00c3O DE SANGUE\" O \u00c2MBITO DO MUNIC\u00cdPIO DE DONA IN\u00caS E D\u00c1 OUTRAS PROVID\u00caNCIAS.\""}, {"id": "2035", "ano": "2019", "numero": "13", "tipo__sigla": "PLO", "tipo__descricao": "Projeto de Lei Ordin\u00e1ria", "autoria": "DAM\u00c1SIO BERTO", "texto_original": "http://sapl.donaines.pb.leg.br/media/sapl/public/materialegislativa/2019/2035/projeto_de_lei_n_013_de_2019.pdf", "ementa": "DISP\u00d5E SOBRE A INSER\u00c7\u00c3O DO NOME DO AUTOR DO PROJETO DE LEI NAS LEIS DO MUNIC\u00cdPIO DE DONA IN\u00caS E D\u00c1 OUTRAS PROVID\u00caNCIAS."}, {"id": "2036", "ano": "2019", "numero": "14", "tipo__sigla": "PLO", "tipo__descricao": "Projeto de Lei Ordin\u00e1ria", "autoria": "DAM\u00c1SIO BERTO", "texto_original": "http://sapl.donaines.pb.leg.br/media/sapl/public/materialegislativa/2019/2036/projeto_de_lei_n_014_de_2019.pdf", "ementa": "DISP\u00d5E SOBRE A OBRIGATORIEDADE DO PODER EXECUTIVO ENVIAR EDITAIS DE LICITA\u00c7\u00c3O E DE DECRETOS PARA A C\u00c2MARA DE VEREADORES E D\u00c1 OUTRAS PROVID\u00caNCIAS."}, {"id": "2037", "ano": "2019", "numero": "15", "tipo__sigla": "PLO", "tipo__descricao": "Projeto de Lei Ordin\u00e1ria", "autoria": "DAM\u00c1SIO BERTO", "texto_original": "http://sapl.donaines.pb.leg.br/media/sapl/public/materialegislativa/2019/2037/projeto_de_lei_n_015_de_2019.pdf", "ementa": "DISP\u00d5E SOBRE A OBRIGATORIEDADE DE ENVIO DE INFORMA\u00c7\u00d5ES \u00c0 C\u00c2MARA DE VEREADORES SOBRE AS INDICA\u00c7\u00d5ES E OS PEDIDOS DE PROVID\u00caNCIAS REMETIDOS AO PODER EXECUTIVO MUNICIPAL E D\u00c1 OUTRAS PROVID\u00caNCIAS."}, {"id": "2071", "ano": "2019", "numero": "16", "tipo__sigla": "PLO", "tipo__descricao": "Projeto de Lei Ordin\u00e1ria", "autoria": "PREFEITO MUNICIPAL", "texto_original": "http://sapl.donaines.pb.leg.br/media/sapl/public/materialegislativa/2019/2071/projeto_de_lei_n_016_de_2019.pdf", "ementa": "QUE INSTITUI O SERVI\u00c7O DE ACOLHIMENTO FAMILIAR E D\u00c1 OUTRAS PROVID\u00caNCIAS."}, {"id": "2070", "ano": "2019", "numero": "17", "tipo__sigla": "PLO", "tipo__descricao": "Projeto de Lei Ordin\u00e1ria", "autoria": "PREFEITO MUNICIPAL", "texto_original": "http://sapl.donaines.pb.leg.br/media/sapl/public/materialegislativa/2019/2070/projeto_de_lei_n_017_de_2019_WacLZKb.pdf", "ementa": "QUE CRIA PRA\u00c7A DE T\u00c1XI, INSTITUI A ATIVIDADE DE TAXISTA E ESTABELECE NORMAS PARA A EXPLORA\u00c7\u00c3O DO SERVI\u00c7O DE TRANSPORTE INDIVIDUAL E/OU COLETIVO DE PASSAGEIROS, POR T\u00c1XI, NO \u00c2MBITO DO MUNIC\u00cdPIO DE DONA IN\u00caS, E D\u00c1 OUTRAS PROVID\u00caNCIAS."}, {"id": "2072", "ano": "2019", "numero": "18", "tipo__sigla": "PLO", "tipo__descricao": "Projeto de Lei Ordin\u00e1ria", "autoria": "JOS\u00c9 EDMILSON", "texto_original": "http://sapl.donaines.pb.leg.br/media/sapl/public/materialegislativa/2019/2072/projeto_de_lei_n_018_de_2019.pdf", "ementa": "QUE DISP\u00d5E SOBRE TRANSMISS\u00c3O AO VIVO, VIA INTERNET, DE TODAS AS LICITA\u00c7\u00d5ES REALIZADAS NO PODER EXECUTIVO E LEGISLATIVO MUNIC\u00cdPIO DE DONA IN\u00caS E D\u00c1 OUTRAS PROVID\u00caNCIAS."}, {"id": "2080", "ano": "2019", "numero": "19", "tipo__sigla": "PLO", "tipo__descricao": "Projeto de Lei Ordin\u00e1ria", "autoria": "PREFEITO MUNICIPAL", "texto_original": "http://sapl.donaines.pb.leg.br/media/sapl/public/materialegislativa/2019/2080/projeto_de_lei_n_019_de_2019.pdf", "ementa": "QUE ESTABELECE AS DIRETRIZES PARA A ELABORA\u00c7\u00c3O DO OR\u00c7AMENTO GERAL DO MUNIC\u00cdPIO RELATIVO AO EXERC\u00cdCIO DE 2020 E ADOTA OUTRAS PROVID\u00caNCIAS."}, {"id": "2081", "ano": "2019", "numero": "20", "tipo__sigla": "PLO", "tipo__descricao": "Projeto de Lei Ordin\u00e1ria", "autoria": "PREFEITO MUNICIPAL", "texto_original": "http://sapl.donaines.pb.leg.br/media/sapl/public/materialegislativa/2019/2081/projeto_de_lei_n_020_de_2019.pdf", "ementa": "ALTERA A LEI MUNICIPAL N\u00ba 598/2011 E D\u00c1 OUTRAS PROVID\u00caNCIAS."}, {"id": "2087", "ano": "2019", "numero": "21", "tipo__sigla": "PLO", "tipo__descricao": "Projeto de Lei Ordin\u00e1ria", "autoria": "JAIRO", "texto_original": "http://sapl.donaines.pb.leg.br/media/sapl/public/materialegislativa/2019/2087/projeto_de_lei_n_021_de_2019.pdf", "ementa": "CRIA O CONSELHO DE SEGURAN\u00c7A P\u00daBLICA DE DONA IN\u00caS E D\u00c1 OUTRAS PROVID\u00caNCIAS."}, {"id": "2088", "ano": "2019", "numero": "22", "tipo__sigla": "PLO", "tipo__descricao": "Projeto de Lei Ordin\u00e1ria", "autoria": "JAIRO", "texto_original": "http://sapl.donaines.pb.leg.br/media/sapl/public/materialegislativa/2019/2088/projeto_de_lei_n_022_de_2019.pdf", "ementa": "CRIA O CONSELHO MUNICIPAL DOS DIREITOS DA PESSOA COM DEFICI\u00caNCIA E ESTABELECE A POL\u00cdTICA MUNICIPAL DA PESSOA COM DEFICI\u00caNCIA DO MUNIC\u00cdPIO E D\u00c1 OUTRAS PROVID\u00caNCIAS."}, {"id": "2118", "ano": "2019", "numero": "23", "tipo__sigla": "PLO", "tipo__descricao": "Projeto de Lei Ordin\u00e1ria", "autoria": "PREFEITO MUNICIPAL", "texto_original": "http://sapl.donaines.pb.leg.br/media/", "ementa": "CRIA PROCURADORIA JUR\u00cdDICA NA ESTRUTURA ADMINISTRATIVA DA PREFEITURA MUNICIPAL DE DONA IN\u00caS E D\u00c1 OUTRAS PROVID\u00caNCIAS."}, {"id": "2105", "ano": "2019", "numero": "24", "tipo__sigla": "PLO", "tipo__descricao": "Projeto de Lei Ordin\u00e1ria", "autoria": "PREFEITO MUNICIPAL", "texto_original": "http://sapl.donaines.pb.leg.br/media/sapl/public/materialegislativa/2019/2105/projeto_de_lei_n_024_de_2019.pdf", "ementa": "AUTORIZA A ABERTURA DE CR\u00c9DITO ESPECIAL NO OR\u00c7AMENTO DO EXERC\u00cdCIO DE 2019 E D\u00c1 OUTRAS PROVID\u00caNCIAS."}, {"id": "2106", "ano": "2019", "numero": "25", "tipo__sigla": "PLO", "tipo__descricao": "Projeto de Lei Ordin\u00e1ria", "autoria": "DAM\u00c1SIO BERTO", "texto_original": "http://sapl.donaines.pb.leg.br/media/sapl/public/materialegislativa/2019/2106/projeto_de_lei_n_025_de_2019.pdf", "ementa": "INSTITUI A CAMPANHA AGOSTO LIL\u00c1S E O PROGRAMA MARIA DA PENHA VAI \u00c0 ESCOLA, NO \u00c2MBITO DO MUNIC\u00cdPIO DE DONA IN\u00caS."}, {"id": "2107", "ano": "2019", "numero": "26", "tipo__sigla": "PLO", "tipo__descricao": "Projeto de Lei Ordin\u00e1ria", "autoria": "DAM\u00c1SIO BERTO", "texto_original": "http://sapl.donaines.pb.leg.br/media/sapl/public/materialegislativa/2019/2107/projeto_de_lei_n_026_de_2019.pdf", "ementa": "ESTABELECE CRIT\u00c9RIO ANTICORRUP\u00c7\u00c3O NA CONTRATA\u00c7\u00c3O DE EMPRESAS EM LICITA\u00c7\u00d5ES PARA PREVENIR FRAUDE E DESVIO DE VERBA P\u00daBLICA."}, {"id": "2108", "ano": "2019", "numero": "27", "tipo__sigla": "PLO", "tipo__descricao": "Projeto de Lei Ordin\u00e1ria", "autoria": "DAM\u00c1SIO BERTO", "texto_original": "http://sapl.donaines.pb.leg.br/media/sapl/public/materialegislativa/2019/2108/projeto_de_lei_n_027_de_2019.pdf", "ementa": "CRIA O SELO ANTICORRUP\u00c7\u00c3O PARA EMPRESAS QUE ADOTAREM PROGRAMAS PARA PREVENIR, DETECTAR E REMEDIAR FRAUDES."}, {"id": "2109", "ano": "2019", "numero": "28", "tipo__sigla": "PLO", "tipo__descricao": "Projeto de Lei Ordin\u00e1ria", "autoria": "DAM\u00c1SIO BERTO", "texto_original": "http://sapl.donaines.pb.leg.br/media/sapl/public/materialegislativa/2019/2109/projeto_de_lei_n_028_de_2019.pdf", "ementa": "INSTITUI O DIA 16 DO M\u00caS DE NOVEMBRO COMO \"O DIA MUNICIPAL DE COMBATE \u00c0 CORRUP\u00c7\u00c3O\" NO MUNIC\u00cdPIO DE DONA IN\u00caS."}, {"id": "2110", "ano": "2019", "numero": "29", "tipo__sigla": "PLO", "tipo__descricao": "Projeto de Lei Ordin\u00e1ria", "autoria": "DAM\u00c1SIO BERTO", "texto_original": "http://sapl.donaines.pb.leg.br/media/sapl/public/materialegislativa/2019/2110/projeto_de_lei_n_029_de_2019.pdf", "ementa": "INSTITUI NO CALEND\u00c1RIO DE EVENTOS DO MUNIC\u00cdPIO DE DONA IN\u00caS A SEMANA MUNICIPAL DA AGRICULTURA FAMILIAR E D\u00c1 OUTRAS PROVID\u00caNCIAS."}, {"id": "2132", "ano": "2019", "numero": "30", "tipo__sigla": "PLO", "tipo__descricao": "Projeto de Lei Ordin\u00e1ria", "autoria": "PREFEITO MUNICIPAL", "texto_original": "http://sapl.donaines.pb.leg.br/media/sapl/public/materialegislativa/2019/2132/projeto_de_lei_n_030_de_2019.pdf", "ementa": "ALTERA OS ANEXOS DA LDO E PPA PARA O EXERC\u00cdCIO DE 2020 E ADOTA OUTRAS PROVID\u00caNCIAS."}, {"id": "2141", "ano": "2019", "numero": "31", "tipo__sigla": "PLO", "tipo__descricao": "Projeto de Lei Ordin\u00e1ria", "autoria": "PREFEITO MUNICIPAL", "texto_original": "http://sapl.donaines.pb.leg.br/media/sapl/public/materialegislativa/2019/2141/projeto_de_lei_n_031_de_2019.pdf", "ementa": "ESTIMA A RECEITA E FIXA A DESPESA DA PREFEITURA MUNICIPAL DE DONA IN\u00caS PARA O EXERC\u00cdCIO ECON\u00d4MICO \u2013 FINANCEIRO DE 2020, E OUTRAS PROVID\u00caNCIAS."}, {"id": "2134", "ano": "2019", "numero": "32", "tipo__sigla": "PLO", "tipo__descricao": "Projeto de Lei Ordin\u00e1ria", "autoria": "DAM\u00c1SIO BERTO", "texto_original": "http://sapl.donaines.pb.leg.br/media/sapl/public/materialegislativa/2019/2134/projeto_de_lei_n_032_de_2019.pdf", "ementa": "INSTITUI A \"SEMANA MUNICIPAL DE COMBATE AO ABUSO E A EXPLORA\u00c7\u00c3O SEXUAL DE CRIAN\u00c7AS E ADOLESCENTES\u201d, E D\u00c1 OUTRAS PROVID\u00caNCIAS."}, {"id": "2155", "ano": "2019", "numero": "33", "tipo__sigla": "PLO", "tipo__descricao": "Projeto de Lei Ordin\u00e1ria", "autoria": "ROSILENE FERREIRA (ROSINHA)", "texto_original": "http://sapl.donaines.pb.leg.br/media/sapl/public/materialegislativa/2019/2155/projeto_de_lei_n_033_de_2019.pdf", "ementa": "QUE DISP\u00d5E SOBRE A AFIXA\u00c7\u00c3O DE CARTAZES EM ESTABELECIMENTOS COMERCIAIS E \u00d3RG\u00c3OS P\u00daBLICOS NO MUNIC\u00cdPIO DE DONA IN\u00caS, INFORMANDO QUE A LEI 9.605/98 PRO\u00cdBE E PUNE ATOS DE MAUS TRATOS E ABANDONO DE ANIMAIS, E D\u00c1 OUTRAS PROVID\u00caNCIAS."}, {"id": "2162", "ano": "2019", "numero": "34", "tipo__sigla": "PLO", "tipo__descricao": "Projeto de Lei Ordin\u00e1ria", "autoria": "PREFEITO MUNICIPAL", "texto_original": "http://sapl.donaines.pb.leg.br/media/sapl/public/materialegislativa/2019/2162/projeto_de_lei_n_034_de_2019.pdf", "ementa": "AUTORIZA A ABERTURA DE CR\u00c9DITO ESPECIAL NO OR\u00c7AMENTO DO EXERC\u00cdCIO DE 2019 E D\u00c1 OUTRAS PROVID\u00caNCIAS."}, {"id": "2009", "ano": "2019", "numero": "1", "tipo__sigla": "PRE", "tipo__descricao": "Projeto de Resolu\u00e7\u00e3o", "autoria": "DAM\u00c1SIO BERTO", "texto_original": "http://sapl.donaines.pb.leg.br/media/", "ementa": "AUTORIZA A TRANSMISS\u00c3O VIA INTERNET, R\u00c1DIO, TELEVIS\u00c3O OU GRAVA\u00c7\u00c3O EM TEMPO REAL DAS SESS\u00d5ES DA C\u00c2MARA MUNICIPAL DE DONA IN\u00caS E D\u00c1 OUTRAS PROVID\u00caNCIAS."}, {"id": "2033", "ano": "2019", "numero": "2", "tipo__sigla": "PRE", "tipo__descricao": "Projeto de Resolu\u00e7\u00e3o", "autoria": "MESA DA C\u00c2MARA", "texto_original": "http://sapl.donaines.pb.leg.br/media/sapl/public/materialegislativa/2019/2033/projeto_de_resolucao_no_002_de_25_de_fevereiro_de_2019.pdf", "ementa": "AUTORIZA A MESA DA C\u00c2MARA MUNICIPAL DE DONA IN\u00caS/PB, A FAZER A DOA\u00c7\u00c3O DE BEM M\u00d3VEL PERTENCENTE AO LEGISLATIVO MUNICIPAL, E DETERMINA OUTRAS PROVID\u00caNCIAS."}, {"id": "2161", "ano": "2019", "numero": "3", "tipo__sigla": "PRE", "tipo__descricao": "Projeto de Resolu\u00e7\u00e3o", "autoria": "CE - COMISS\u00c3O ESPECIAL", "texto_original": "http://sapl.donaines.pb.leg.br/media/sapl/public/materialegislativa/2019/2161/projeto_de_resolucao_no_003_de_04_de_novembro_de_2019.pdf", "ementa": "DISP\u00d5E SOBRE O REGIMENTO INTERNO DA C\u00c2MARA MUNICIPAL DE DONA IN\u00caS-PB, E D\u00c1 OUTRAS PROVID\u00caNCIAS."}, {"id": "1995", "ano": "2019", "numero": "1", "tipo__sigla": "REQ", "tipo__descricao": "Requerimento", "autoria": "JO\u00c3O BARBOSA", "texto_original": "http://sapl.donaines.pb.leg.br/media/sapl/public/materialegislativa/2019/1995/requeriemnto_no_001_de_2019.pdf", "ementa": "SOLICITA A PRESEN\u00c7A DE DE POLICIAIS E UMA EQUIPE DE PRONTO ATENDIMENTO NOS EVENTOS ESPORTIVOS DO MUNIC\u00cdPIO."}, {"id": "1996", "ano": "2019", "numero": "2", "tipo__sigla": "REQ", "tipo__descricao": "Requerimento", "autoria": "DAM\u00c1SIO BERTO", "texto_original": "http://sapl.donaines.pb.leg.br/media/sapl/public/materialegislativa/2019/1996/requeriemnto_no_002_de_2019.pdf", "ementa": "LIMPEZA DA LAGOA DO ESTADO, LOCALIZADA NO SITIO SERRA DO S\u00cdTIO , DESTE MUNIC\u00cdPIO."}, {"id": "1997", "ano": "2019", "numero": "3", "tipo__sigla": "REQ", "tipo__descricao": "Requerimento", "autoria": "DAM\u00c1SIO BERTO", "texto_original": "http://sapl.donaines.pb.leg.br/media/sapl/public/materialegislativa/2019/1997/requeriemnto_no_003_de_2019.pdf", "ementa": "CONSERTO DO CATA VENTO, LOCALIZADO NO ASSENTAMENTO TANQUES, DESTE MUNIC\u00cdPIO."}, {"id": "1998", "ano": "2019", "numero": "4", "tipo__sigla": "REQ", "tipo__descricao": "Requerimento", "autoria": "IVONALDO", "texto_original": "http://sapl.donaines.pb.leg.br/media/sapl/public/materialegislativa/2019/1998/requeriemnto_no_004_de_2019.pdf", "ementa": "SOLICITA A PAVIMENTA\u00c7\u00c3O DA RUA S\u00c3O SEBASTI\u00c3O PAULINO DA COSTA, NO BAIRRO NOVA CIDADE, NESTE MUNIC\u00cdPIO."}, {"id": "1999", "ano": "2019", "numero": "5", "tipo__sigla": "REQ", "tipo__descricao": "Requerimento", "autoria": "IVONALDO", "texto_original": "http://sapl.donaines.pb.leg.br/media/sapl/public/materialegislativa/2019/1999/requeriemnto_no_005_de_2019.pdf", "ementa": "SOLICITA A CONSTRU\u00c7\u00c3O DE UM GIN\u00c1SIO NO S\u00cdTIO QUEIMADAS, NESTE MUNIC\u00cdPIO."}, {"id": "2000", "ano": "2019", "numero": "6", "tipo__sigla": "REQ", "tipo__descricao": "Requerimento", "autoria": "IVONALDO", "texto_original": "http://sapl.donaines.pb.leg.br/media/sapl/public/materialegislativa/2019/2000/requeriemnto_no_006_de_2019.pdf", "ementa": "SOLICITA A CONSTRU\u00c7\u00c3O DO SANGRADOR DA BARRAGEM DO MULUNG\u00da, NESTE MUNIC\u00cdPIO."}, {"id": "2001", "ano": "2019", "numero": "7", "tipo__sigla": "REQ", "tipo__descricao": "Requerimento", "autoria": "DAM\u00c1SIO BERTO", "texto_original": "http://sapl.donaines.pb.leg.br/media/sapl/public/materialegislativa/2019/2001/requeriemnto_no_007_de_2019.pdf", "ementa": "MELHORAMENTOS COM COBERTURA DE PI\u00c7ARRA NO TRECHO, CAPELA AT\u00c9 A RESID\u00caNCIA DE DONA NICINHA, E RETIRADAS DE UMAS PEDRAS AO LADO DA CAPELA, NO POVOADO DE SERRA DO S\u00cdTIO, DESTE MUNIC\u00cdPIO."}, {"id": "2002", "ano": "2019", "numero": "8", "tipo__sigla": "REQ", "tipo__descricao": "Requerimento", "autoria": "DAM\u00c1SIO BERTO", "texto_original": "http://sapl.donaines.pb.leg.br/media/sapl/public/materialegislativa/2019/2002/requeriemnto_no_008_de_2019.pdf", "ementa": "CONSTRU\u00c7\u00c3O DE UM BUEIRO, COM UM CANAL DESVIANDO AS \u00c1GUAS DAS CHUVAS, PARA N\u00c3O INVADIR A RESID\u00caNCIA DA SENHORA MARIA DA LUZ FERNANDES DOS SANTOS, NA ESTRADA VICINAL DE SERRA DO S\u00cdTIO, DESTE MUNIC\u00cdPIO."}, {"id": "2003", "ano": "2019", "numero": "9", "tipo__sigla": "REQ", "tipo__descricao": "Requerimento", "autoria": "DAM\u00c1SIO BERTO", "texto_original": "http://sapl.donaines.pb.leg.br/media/sapl/public/materialegislativa/2019/2003/requeriemnto_no_009_de_2019.pdf", "ementa": "DISPONIBILIZA\u00c7\u00c3O DE TRANSPORTE ESCOLAR."}, {"id": "2004", "ano": "2019", "numero": "10", "tipo__sigla": "REQ", "tipo__descricao": "Requerimento", "autoria": "DAM\u00c1SIO BERTO", "texto_original": "http://sapl.donaines.pb.leg.br/media/sapl/public/materialegislativa/2019/2004/requeriemnto_no_010_de_2019.pdf", "ementa": "INSTALA\u00c7\u00c3O DE BEBEDOUROS QUE UTILIZAM O SISTEMA DE \u00c1GUA MINERAL ENVASADA EM GARRAF\u00d5ES DE PL\u00c1STICO DE 20 LITROS NAS ESCOLAS DE REDE MUNICIPAL DE ENSINO, DESTE MUNIC\u00cdPIO."}, {"id": "2005", "ano": "2019", "numero": "11", "tipo__sigla": "REQ", "tipo__descricao": "Requerimento", "autoria": "DAM\u00c1SIO BERTO", "texto_original": "http://sapl.donaines.pb.leg.br/media/sapl/public/materialegislativa/2019/2005/requeriemnto_no_011_de_2019.pdf", "ementa": "DISPONIBILIZA\u00c7\u00c3O DE TRANSPORTE ESCOLAR NO TURNO DA NOITE PARA ALUNOS DA ZONA RURAL, DA REDE MUNICIPAL E ESTADUAL, DESTE MUNIC\u00cdPIO."}, {"id": "2006", "ano": "2019", "numero": "12", "tipo__sigla": "REQ", "tipo__descricao": "Requerimento", "autoria": "DAM\u00c1SIO BERTO", "texto_original": "http://sapl.donaines.pb.leg.br/media/sapl/public/materialegislativa/2019/2006/requeriemnto_no_012_de_2019.pdf", "ementa": "DISTRIBUI\u00c7\u00c3O DE SEMENTES DE MILHO E FEIJ\u00c3O MACA\u00c7\u00c1 OU MULATINHO E DE FERRAMENTA COMO ENXADA, PARA OS PEQUENOS AGRICULTORES E AGRICULTORAS, DESTE MUNIC\u00cdPIO."}, {"id": "2010", "ano": "2019", "numero": "13", "tipo__sigla": "REQ", "tipo__descricao": "Requerimento", "autoria": "JOS\u00c9 EDMILSON", "texto_original": "http://sapl.donaines.pb.leg.br/media/sapl/public/materialegislativa/2019/2010/requeriemnto_no_013_de_2019.pdf", "ementa": "SOLICITA A REFORMA DE BANHEIROS MASCULINO E FEMININO DO PR\u00c9DIO DA ESCOLA M. E. F. S. HUMBERTO LUCENA."}, {"id": "2011", "ano": "2019", "numero": "14", "tipo__sigla": "REQ", "tipo__descricao": "Requerimento", "autoria": "JOS\u00c9 EDMILSON", "texto_original": "http://sapl.donaines.pb.leg.br/media/sapl/public/materialegislativa/2019/2011/requerimento_no_014_de_2019.pdf", "ementa": "SOLICITA A DISPONIBILIZA\u00c7\u00c3O DO PR\u00c9DIO DA ESCOLA DO S\u00cdTIO OITICICA PARA O ATENDIMENTO M\u00c9DICO NA LOCALIDADE."}, {"id": "2012", "ano": "2019", "numero": "15", "tipo__sigla": "REQ", "tipo__descricao": "Requerimento", "autoria": "ROSILENE FERREIRA (ROSINHA)", "texto_original": "http://sapl.donaines.pb.leg.br/media/sapl/public/materialegislativa/2019/2012/requerimento_no_015_de_2019.pdf", "ementa": "SOLICITA A IMPLANTA\u00c7\u00c3O DE PROJETO DE PINTURA NAS ESCOLAS DE ENSINO INFANTIL E FUNDAMENTAL DO MUNIC\u00cdPIO DE DONA IN\u00caS."}, {"id": "2013", "ano": "2019", "numero": "16", "tipo__sigla": "REQ", "tipo__descricao": "Requerimento", "autoria": "ROSILENE FERREIRA (ROSINHA)", "texto_original": "http://sapl.donaines.pb.leg.br/media/sapl/public/materialegislativa/2019/2013/requerimento_no_016_de_2019.pdf", "ementa": "SOLICITA A INSTALA\u00c7\u00c3O DE UMA SEGUNDA TORRE DE SINAL TELEF\u00d4NICO DE OUTRA OPERADORA NO MUNIC\u00cdPIO DE DONA IN\u00caS."}, {"id": "2014", "ano": "2019", "numero": "17", "tipo__sigla": "REQ", "tipo__descricao": "Requerimento", "autoria": "DAM\u00c1SIO BERTO", "texto_original": "http://sapl.donaines.pb.leg.br/media/sapl/public/materialegislativa/2019/2014/requerimento_no_017_de_2019.pdf", "ementa": "REALOCA\u00c7AO DE UM POSTE, DE FRENTE A RESID\u00caNCIA DA CONSUMIDORA FABIANA FERREIRA DOS SANTOS, NA RUA JOSE ROBERTO IDALINO, N\u00ba 325, BAIRRO NOVA CONQUISTA, DESTE A CIDADE DE DONA IN\u00caS/PB."}, {"id": "2015", "ano": "2019", "numero": "18", "tipo__sigla": "REQ", "tipo__descricao": "Requerimento", "autoria": "Bancada da Situa\u00e7\u00e3o", "texto_original": "http://sapl.donaines.pb.leg.br/media/sapl/public/materialegislativa/2019/2015/requerimento_no_018_de_2019.pdf", "ementa": "RECONSTRU\u00c7\u00c3O DA PAVIMENTA\u00c7\u00c3O E ALARGAMENTO DO CANAL DE ESCOAMENTO DE \u00c1GUA DA CHUVA NA RUA JOS\u00c9 PAULINO, NO CENTRO DE DONA IN\u00caS/PB."}, {"id": "2016", "ano": "2019", "numero": "19", "tipo__sigla": "REQ", "tipo__descricao": "Requerimento", "autoria": "Bancada da Situa\u00e7\u00e3o", "texto_original": "http://sapl.donaines.pb.leg.br/media/sapl/public/materialegislativa/2019/2016/requerimento_no_019_de_2019.pdf", "ementa": "RECONSTRU\u00c7\u00c3O DA PAVIMENTA\u00c7\u00c3O DA RUA JOS\u00c9 CAROLINO, NO CENTRO DE DONA IN\u00caS/PB."}, {"id": "2017", "ano": "2019", "numero": "20", "tipo__sigla": "REQ", "tipo__descricao": "Requerimento", "autoria": "Bancada da Situa\u00e7\u00e3o", "texto_original": "http://sapl.donaines.pb.leg.br/media/sapl/public/materialegislativa/2019/2017/requerimento_no_020_de_2019.pdf", "ementa": "ALARGAMENTO DE PARTE DA RUA PRESIDENTE JO\u00c3O PESSOA, NO CENTRO DE DONA IN\u00caS/PB."}, {"id": "2018", "ano": "2019", "numero": "21", "tipo__sigla": "REQ", "tipo__descricao": "Requerimento", "autoria": "Bancada da Situa\u00e7\u00e3o", "texto_original": "http://sapl.donaines.pb.leg.br/media/sapl/public/materialegislativa/2019/2018/requerimento_no_021_de_2019.pdf", "ementa": "CONCLUS\u00c3O DA PAVIMENTA\u00c7\u00c3O DA RUA EX - COMBATENTE SEVERINO ALEXANDRE, NO BAIRRO NOVA CIDADE, DONA IN\u00caS/PB."}, {"id": "2038", "ano": "2019", "numero": "22", "tipo__sigla": "REQ", "tipo__descricao": "Requerimento", "autoria": "Bancada da Situa\u00e7\u00e3o", "texto_original": "http://sapl.donaines.pb.leg.br/media/sapl/public/materialegislativa/2019/2038/requerimento_no_022_de_2019.pdf", "ementa": "RECONSTRU\u00c7\u00c3O DA LAVANDERIA P\u00daBLICA, LOCALIZADA AO LADO DO CAJUEIRO."}, {"id": "2039", "ano": "2019", "numero": "23", "tipo__sigla": "REQ", "tipo__descricao": "Requerimento", "autoria": "Bancada da Situa\u00e7\u00e3o", "texto_original": "http://sapl.donaines.pb.leg.br/media/sapl/public/materialegislativa/2019/2039/requerimento_no_023_de_2019.pdf", "ementa": "PAVIMENTA\u00c7\u00c3O DA RUA HERM\u00cdNIO JUSTINO DE ARA\u00daJO,QUE D\u00c1 ACESSO AO CEMIT\u00c9RIO CENTRAL."}, {"id": "2040", "ano": "2019", "numero": "24", "tipo__sigla": "REQ", "tipo__descricao": "Requerimento", "autoria": "Bancada da Situa\u00e7\u00e3o", "texto_original": "http://sapl.donaines.pb.leg.br/media/sapl/public/materialegislativa/2019/2040/requerimento_no_024_de_2019.pdf", "ementa": "CONSTRU\u00c7\u00c3O DE UM NOVO GIN\u00c1SIO POLIESPORTIVO, AO LADO DA PREFEITURA MUNICIPAL."}, {"id": "2041", "ano": "2019", "numero": "25", "tipo__sigla": "REQ", "tipo__descricao": "Requerimento", "autoria": "Bancada da Situa\u00e7\u00e3o", "texto_original": "http://sapl.donaines.pb.leg.br/media/sapl/public/materialegislativa/2019/2041/requerimento_no_025_de_2019.pdf", "ementa": "AMPLIA\u00c7\u00c3O DA ESCOLA MUNICIPAL DE SERRA DO S\u00cdTIO, CONSTRUINDO MAIS UMA SALA DE AULA."}, {"id": "2042", "ano": "2019", "numero": "26", "tipo__sigla": "REQ", "tipo__descricao": "Requerimento", "autoria": "JO\u00c3O BARBOSA", "texto_original": "http://sapl.donaines.pb.leg.br/media/sapl/public/materialegislativa/2019/2042/requerimento_no_026_de_2019.pdf", "ementa": "SOLICITA\u00c7\u00c3O DE FAZER A MANUTEN\u00c7\u00c3O NOS PR\u00c9DIOS P\u00daBLICOS QUE EST\u00c3O SENDO DESATIVADOS."}, {"id": "2043", "ano": "2019", "numero": "27", "tipo__sigla": "REQ", "tipo__descricao": "Requerimento", "autoria": "JO\u00c3O BARBOSA", "texto_original": "http://sapl.donaines.pb.leg.br/media/sapl/public/materialegislativa/2019/2043/requerimento_no_027_de_2019.pdf", "ementa": "SOLICITA\u00c7\u00c3O DA CONSTRU\u00c7\u00c3O DE DOIS MATA-BURROS, NO S\u00cdTIO CACO, DESTE MUNIC\u00cdPIO."}, {"id": "2044", "ano": "2019", "numero": "28", "tipo__sigla": "REQ", "tipo__descricao": "Requerimento", "autoria": "JO\u00c3O BARBOSA", "texto_original": "http://sapl.donaines.pb.leg.br/media/sapl/public/materialegislativa/2019/2044/requerimento_no_028_de_2019.pdf", "ementa": "SOLICITA\u00c7\u00c3O DA CONSTRU\u00c7\u00c3O DE UMA PASSAGEM MOLHADA NO S\u00cdTIO BOA VISTA, NESTE MUNIC\u00cdPIO."}, {"id": "2045", "ano": "2019", "numero": "29", "tipo__sigla": "REQ", "tipo__descricao": "Requerimento", "autoria": "JO\u00c3O BARBOSA", "texto_original": "http://sapl.donaines.pb.leg.br/media/sapl/public/materialegislativa/2019/2045/requerimento_no_029_de_2019.pdf", "ementa": "SOLICITA\u00c7\u00c3O AO DER DA CONSTRU\u00c7\u00c3O DE UM QUEBRA MOLAS, NAS PROXIMIDADES DO CAMPO DE FUTEBOL, S\u00cdTIO QUEIMADAS, PR\u00d3XIMA A RESID\u00caNCIA DO VEREADOR JO\u00c3O BARBOSA, NESTE MUNIC\u00cdPIO."}, {"id": "2046", "ano": "2019", "numero": "30", "tipo__sigla": "REQ", "tipo__descricao": "Requerimento", "autoria": "RHUAN RIBEIRO", "texto_original": "http://sapl.donaines.pb.leg.br/media/sapl/public/materialegislativa/2019/2046/requerimento_no_030_de_2019.pdf", "ementa": "RECUPERA\u00c7\u00c3O DAS RUAS AGENOR DE AZEVEDO MAIA, ASSIS CLAUDINO, GABRIEL BENTO ANA DE SOUSA MACIEL E FRANCISCO ADOLFO DE SOUSA."}, {"id": "2047", "ano": "2019", "numero": "31", "tipo__sigla": "REQ", "tipo__descricao": "Requerimento", "autoria": "RHUAN RIBEIRO", "texto_original": "http://sapl.donaines.pb.leg.br/media/sapl/public/materialegislativa/2019/2047/requerimento_no_031_de_2019.pdf", "ementa": "RECUPERA\u00c7\u00c3O DAS ESTRADAS VICINAIS DOS S\u00cdTIOS CRUZ DA MENINA, ASSENTAMENTO TANQUES, SER\u00d3, BREJINHO, CANAFISTOLA E PEDRA LIZA."}, {"id": "2048", "ano": "2019", "numero": "32", "tipo__sigla": "REQ", "tipo__descricao": "Requerimento", "autoria": "RHUAN RIBEIRO", "texto_original": "http://sapl.donaines.pb.leg.br/media/sapl/public/materialegislativa/2019/2048/requerimento_no_032_de_2019.pdf", "ementa": "SOLICITA A CONSTRU\u00c7\u00c3O DE UMA PRA\u00c7A COM APARELHOS APROPRIADOS PARA A PR\u00c1TICA DE EXERC\u00cdCIOS F\u00cdSICOS NO MODELO DE ACADEMIA DA SA\u00daDE NA RUA AN\u00c9SIO FERREIRA DE LIMA EM FRENTE AO EST\u00c1DIO MUNICIPAL O \"LUIZ\u00c3O\"."}, {"id": "2049", "ano": "2019", "numero": "33", "tipo__sigla": "REQ", "tipo__descricao": "Requerimento", "autoria": "DAM\u00c1SIO BERTO", "texto_original": "http://sapl.donaines.pb.leg.br/media/sapl/public/materialegislativa/2019/2049/requerimento_no_033_de_2019.pdf", "ementa": "SOLICITA A REALIZA\u00c7\u00c3O DE UMA SESS\u00c3O ESPECIAL PARA DISCUTIR O TEMA DA CAMPANHA DA FRATERNIDADE 2019."}, {"id": "2050", "ano": "2019", "numero": "34", "tipo__sigla": "REQ", "tipo__descricao": "Requerimento", "autoria": "JOS\u00c9 EDMILSON", "texto_original": "http://sapl.donaines.pb.leg.br/media/sapl/public/materialegislativa/2019/2050/requerimento_no_034_de_2019.pdf", "ementa": "SOLICITA A CONSTRU\u00c7\u00c3O DE UMA PASSAGEM MOLHADA NA ESTRADA QUE LIGA AO S\u00cdTIO OITICICA AO S\u00cdTIO ESTREITO NESTE MUNIC\u00cdPIO."}, {"id": "2051", "ano": "2019", "numero": "35", "tipo__sigla": "REQ", "tipo__descricao": "Requerimento", "autoria": "JOS\u00c9 EDMILSON", "texto_original": "http://sapl.donaines.pb.leg.br/media/sapl/public/materialegislativa/2019/2051/requerimento_no_035_de_2019.pdf", "ementa": "SOLICITA A CONSTRU\u00c7\u00c3O DE UM MURO NO ENTORNO DA LAGOA DE PEDRA, NO S\u00cdTIO COZINHA NESTE MUNIC\u00cdPIO."}, {"id": "2052", "ano": "2019", "numero": "36", "tipo__sigla": "REQ", "tipo__descricao": "Requerimento", "autoria": "Bancada da Situa\u00e7\u00e3o", "texto_original": "http://sapl.donaines.pb.leg.br/media/sapl/public/materialegislativa/2019/2052/requerimento_no_036_de_2019.pdf", "ementa": "REPOSI\u00c7\u00c3O DE CAL\u00c7AMENTO EM PARALELEP\u00cdPEDOS E CONSERTO NA TAMPA DE BUEIROS NAS RUAS ANT\u00d4NIO TOSCANO DE ARA\u00daJO, JOS\u00c9 TOMAZ DE AQUINO E MANOEL ALVES DE LIMA, NESTA CIDADE."}, {"id": "2053", "ano": "2019", "numero": "37", "tipo__sigla": "REQ", "tipo__descricao": "Requerimento", "autoria": "EDMILSON ROCHA", "texto_original": "http://sapl.donaines.pb.leg.br/media/sapl/public/materialegislativa/2019/2053/requerimento_no_037_de_2019.pdf", "ementa": "SOLICITA A CONSTRU\u00c7\u00c3O DE UM QUEBRA MOLAS NA RUA JOSU\u00c9 LUCAS, BAIRRO NOVA CONQUISTA, NESTA CIDADE."}, {"id": "2054", "ano": "2019", "numero": "38", "tipo__sigla": "REQ", "tipo__descricao": "Requerimento", "autoria": "Bancada da Situa\u00e7\u00e3o", "texto_original": "http://sapl.donaines.pb.leg.br/media/sapl/public/materialegislativa/2019/2054/requerimento_no_038_de_2019.pdf", "ementa": "SOLICITA REPOSI\u00c7\u00c3O DE TAMPA E LIMPEZA DE BUEIRO NA RUA PREFEITO JOAQUIM CABRAL DE MELO, E MANUTEN\u00c7\u00c3O DO CAL\u00c7AMENTO DA RUA ANTONIO DANIEL DA SILVA, NESTA CIDADE."}, {"id": "2055", "ano": "2019", "numero": "39", "tipo__sigla": "REQ", "tipo__descricao": "Requerimento", "autoria": "Bancada da Situa\u00e7\u00e3o", "texto_original": "http://sapl.donaines.pb.leg.br/media/sapl/public/materialegislativa/2019/2055/requerimento_no_039_de_2019.pdf", "ementa": "CONSTRU\u00c7\u00c3O DE BANCAS DA FEIRA LIVRE NO P\u00c1TIO DO LADO ESQUERDO DO MERCADO P\u00daBLICO, DESTA CIDADE."}, {"id": "2056", "ano": "2019", "numero": "40", "tipo__sigla": "REQ", "tipo__descricao": "Requerimento", "autoria": "DAM\u00c1SIO BERTO", "texto_original": "http://sapl.donaines.pb.leg.br/media/sapl/public/materialegislativa/2019/2056/requerimento_no_040_de_2019.pdf", "ementa": "SOLICITA\u00c7\u00c3O DE REAJUSTE SALARIAL, PREVISTO ART. 37, X, NA CONSTITUI\u00c7\u00c3O FEDERAL, COM O INPC DE 3.43%, SOBRE O PISO MUNICIPAL, CONFORME O PLANO DE CARGOS, CARREIRA E REMUNERA\u00c7\u00c3O DOS SERVIDORES P\u00daBLICOS MUNICIPAIS DE DONA IN\u00caS."}, {"id": "2057", "ano": "2019", "numero": "41", "tipo__sigla": "REQ", "tipo__descricao": "Requerimento", "autoria": "DAM\u00c1SIO BERTO", "texto_original": "http://sapl.donaines.pb.leg.br/media/sapl/public/materialegislativa/2019/2057/requerimento_no_041_de_2019.pdf", "ementa": "SOLICITA DO REAJUSTE SALARIAL, DO PISO DOS PROFISSIONAIS DO MAGIST\u00c9RIO P\u00daBLICO MUNICIPAL, PARA O ANO EM CURSO, ASSIM COM REIVINDICAM TODA CATEGORIA E EM CONFORME O PLANO DE CARGOS, CARREIRA E REMUNERA\u00c7\u00c3O DOS SERVIDORES P\u00daBLICOS MUNICIPAIS DE DONA IN\u00caS."}, {"id": "2058", "ano": "2019", "numero": "42", "tipo__sigla": "REQ", "tipo__descricao": "Requerimento", "autoria": "Bancada da Situa\u00e7\u00e3o", "texto_original": "http://sapl.donaines.pb.leg.br/media/sapl/public/materialegislativa/2019/2058/requerimento_no_042_de_2019.pdf", "ementa": "CONSTRU\u00c7\u00c3O DE UMA QUADRA COBERTA NA ESCOLA M. E. F. PROF\u00aa ANA L\u00daCIA DA SILVA FERNANDES, NO S\u00cdTIO SERRA DO S\u00cdTIO DESTE MUNIC\u00cdPIO."}, {"id": "2059", "ano": "2019", "numero": "43", "tipo__sigla": "REQ", "tipo__descricao": "Requerimento", "autoria": "Bancada da Situa\u00e7\u00e3o", "texto_original": "http://sapl.donaines.pb.leg.br/media/sapl/public/materialegislativa/2019/2059/requerimento_no_043_de_2019.pdf", "ementa": "CONSTRU\u00c7\u00c3O DE MAIS UMA SALA DE AULA NA ESCOLA M. E. F. PEDRO DAVINO DE ARA\u00daJO, NO S\u00cdTIO LAGOA DO BRAZ, ZONA RURAL DESTE  MUNIC\u00cdPIO."}, {"id": "2060", "ano": "2019", "numero": "44", "tipo__sigla": "REQ", "tipo__descricao": "Requerimento", "autoria": "Bancada da Situa\u00e7\u00e3o", "texto_original": "http://sapl.donaines.pb.leg.br/media/sapl/public/materialegislativa/2019/2060/requerimento_no_044_de_2019.pdf", "ementa": "CONSTRU\u00c7\u00c3O DE UMA CASA DE VEL\u00d3RIO NO CEMIT\u00c9RIO SANTO ANT\u00d4NIO, NESTA CIDADE."}, {"id": "2061", "ano": "2019", "numero": "45", "tipo__sigla": "REQ", "tipo__descricao": "Requerimento", "autoria": "Bancada da Situa\u00e7\u00e3o", "texto_original": "http://sapl.donaines.pb.leg.br/media/sapl/public/materialegislativa/2019/2061/requerimento_no_045_de_2019.pdf", "ementa": "PROGRAMA DE TRANSFER\u00caNCIA DE RENDA DE CONDICIONALIDADES PARA AS FAM\u00cdLIAS CARENTES DE NOSSO MUNIC\u00cdPIO."}, {"id": "2065", "ano": "2019", "numero": "46", "tipo__sigla": "REQ", "tipo__descricao": "Requerimento", "autoria": "Bancada da Situa\u00e7\u00e3o", "texto_original": "http://sapl.donaines.pb.leg.br/media/sapl/public/materialegislativa/2019/2065/requerimento_no_046_de_2019.pdf", "ementa": "SOLICITA INSTALA\u00c7\u00c3O DE SISTEMA DE SEGURAN\u00c7A ELETR\u00d4NICA ATRAV\u00c9S DE C\u00c2MARAS 360\u00b0 NOS PR\u00c9DIOS P\u00daBLICOS E PRINCIPAIS RUAS DA NOSSA CIDADE."}, {"id": "2066", "ano": "2019", "numero": "47", "tipo__sigla": "REQ", "tipo__descricao": "Requerimento", "autoria": "Bancada da Situa\u00e7\u00e3o", "texto_original": "http://sapl.donaines.pb.leg.br/media/sapl/public/materialegislativa/2019/2066/requerimento_no_047_de_2019.pdf", "ementa": "SOLICITA A CONCLUS\u00c3O DA PAVIMENTA\u00c7\u00c3O DA RUA JOS\u00c9 ROBERTO IDALINO, NESTA CIDADE."}, {"id": "2062", "ano": "2019", "numero": "48", "tipo__sigla": "REQ", "tipo__descricao": "Requerimento", "autoria": "JO\u00c3O BARBOSA", "texto_original": "http://sapl.donaines.pb.leg.br/media/sapl/public/materialegislativa/2019/2062/requerimento_no_048_de_2019.pdf", "ementa": "SOLICITA\u00c7\u00c3O AO SECRET\u00c1RIO DE SEGURAN\u00c7A P\u00daBLICA DO ESTADO DA PARA\u00cdBA PARA QUE DESIGNE MAIS UM MEMBRO DA POL\u00cdCIA MILITAR PARA REFOR\u00c7AR A SEGURAN\u00c7A NA CIDADE DE DONA IN\u00caS."}, {"id": "2063", "ano": "2019", "numero": "49", "tipo__sigla": "REQ", "tipo__descricao": "Requerimento", "autoria": "RHUAN RIBEIRO", "texto_original": "http://sapl.donaines.pb.leg.br/media/sapl/public/materialegislativa/2019/2063/requerimento_no_049_de_2019.pdf", "ementa": "FORNECIMENTO DE EQUIPAMENTOS DE PROTE\u00c7\u00c3O INDIVIDUAL - EPI PARA OS TRABALHADORES DA PEDREIRA."}, {"id": "2064", "ano": "2019", "numero": "50", "tipo__sigla": "REQ", "tipo__descricao": "Requerimento", "autoria": "Bancada da Situa\u00e7\u00e3o", "texto_original": "http://sapl.donaines.pb.leg.br/media/sapl/public/materialegislativa/2019/2064/requerimento_no_050_de_2019.pdf", "ementa": "SOLICITA A CONSTRU\u00c7\u00c3O DE TR\u00caS MATA-BURROS NA ESTRADA VICINAL QUE D\u00c1 ACESSO AO TERREIRO DA FAZENDA, NO S\u00cdTIO MULUNGU DESTE MUNIC\u00cdPIO."}, {"id": "2067", "ano": "2019", "numero": "51", "tipo__sigla": "REQ", "tipo__descricao": "Requerimento", "autoria": "Bancada da Situa\u00e7\u00e3o", "texto_original": "http://sapl.donaines.pb.leg.br/media/sapl/public/materialegislativa/2019/2067/requerimento_no_051_de_2019.pdf", "ementa": "SOLICITA O MELHORAMENTO DA ILUMINA\u00c7\u00c3O P\u00daBLICA NO CEMIT\u00c9RIO SANTO ANT\u00d4NIO NESTA CIDADE."}, {"id": "2068", "ano": "2019", "numero": "52", "tipo__sigla": "REQ", "tipo__descricao": "Requerimento", "autoria": "JO\u00c3O BARBOSA", "texto_original": "http://sapl.donaines.pb.leg.br/media/sapl/public/materialegislativa/2019/2068/requerimento_no_052_de_2019.pdf", "ementa": "SOLICITA\u00c7\u00c3O A IMPLANTA\u00c7\u00c3O DE AUL\u00d5ES PREPARAT\u00d3RIOS PARA O ENEM."}, {"id": "2069", "ano": "2019", "numero": "53", "tipo__sigla": "REQ", "tipo__descricao": "Requerimento", "autoria": "IVONALDO", "texto_original": "http://sapl.donaines.pb.leg.br/media/sapl/public/materialegislativa/2019/2069/requerimento_no_053_de_2019.pdf", "ementa": "SOLICITA A CONTINUIDADE DO CAL\u00c7AMENTO DA RUA FRANCISCO LUIZ SOARES, AT\u00c9 A ATUAL GARAGEM DA PREFEITURA MUNICIPAL NESTA CIDADE E A CONSTRU\u00c7\u00c3O DE DUAS LOMBADAS NA RUA PEDRO TEIXEIRA, NESTA CIDADE."}, {"id": "2073", "ano": "2019", "numero": "54", "tipo__sigla": "REQ", "tipo__descricao": "Requerimento", "autoria": "RHUAN RIBEIRO", "texto_original": "http://sapl.donaines.pb.leg.br/media/sapl/public/materialegislativa/2019/2073/requerimento_no_054_de_2019.pdf", "ementa": "SOBRE UMA AUDI\u00caNCIA P\u00daBLICA PARA TRATAR DA SEGURAN\u00c7A P\u00daBLICA NO MUNIC\u00cdPIO DE DONA IN\u00caS/PB."}, {"id": "2074", "ano": "2019", "numero": "55", "tipo__sigla": "REQ", "tipo__descricao": "Requerimento", "autoria": "RHUAN RIBEIRO", "texto_original": "http://sapl.donaines.pb.leg.br/media/sapl/public/materialegislativa/2019/2074/requerimento_no_055_de_2019.pdf", "ementa": "SOLICITA AO DEPUTADO RICARDO BARBOSA, PARA QUE O MESMO POSSA SOLICITAR AO SECRET\u00c1RIO DE SEGURAN\u00c7A P\u00daBLICA DA PARA\u00cdBA O SENHOR JEAN FRANCISCO BEZERRA NUNES, A\u00c7\u00d5ES EFETIVAS VISANDO UMA MELHOR SEGURAN\u00c7A P\u00daBLICA NO MUNIC\u00cdPIO DE DONA IN\u00caS/PB."}, {"id": "2077", "ano": "2019", "numero": "56", "tipo__sigla": "REQ", "tipo__descricao": "Requerimento", "autoria": "EDMILSON ROCHA", "texto_original": "http://sapl.donaines.pb.leg.br/media/sapl/public/materialegislativa/2019/2077/requerimento_no_056_de_2019.pdf", "ementa": "SOLICITA\u00c7\u00c3O DA RETIRADA DO ESGOTO A C\u00c9U ABERTO NA RUA GABRIEL BENTO, E DAR CONTINUIDADE AO CAL\u00c7AMENTO DA RUA PREFEITO JOAQUIM CABRAL DE MELO, NESTA CIDADE."}, {"id": "2076", "ano": "2019", "numero": "57", "tipo__sigla": "REQ", "tipo__descricao": "Requerimento", "autoria": "EDMILSON ROCHA", "texto_original": "http://sapl.donaines.pb.leg.br/media/sapl/public/materialegislativa/2019/2076/requerimento_no_057_de_2019.pdf", "ementa": "SOLICITA A REPOSI\u00c7\u00c3O DE PE\u00c7AS PARA O CONSERTO DO SINAL DA TORRE DE TELEVIS\u00c3O DA NOSSA CIDADE."}, {"id": "2078", "ano": "2019", "numero": "58", "tipo__sigla": "REQ", "tipo__descricao": "Requerimento", "autoria": "EDMILSON ROCHA", "texto_original": "http://sapl.donaines.pb.leg.br/media/sapl/public/materialegislativa/2019/2078/requerimento_no_058_de_2019.pdf", "ementa": "SOLICITA A COLETA DE LIXO SEMANAL NA RUA JOSU\u00c9 LUCAS DE ARA\u00daJO, NESTA CIDADE."}, {"id": "2089", "ano": "2019", "numero": "59", "tipo__sigla": "REQ", "tipo__descricao": "Requerimento", "autoria": "EDMILSON ROCHA", "texto_original": "http://sapl.donaines.pb.leg.br/media/sapl/public/materialegislativa/2019/2089/requerimento_no_059_de_2019.pdf", "ementa": "SOLICITA O CAL\u00c7AMENTO DA RUA VEREADOR MANOEL HENRIQUE GOMES , E DAR CONTINUIDADE \u00c0 RUA JO\u00c3O FREIRE DE ASSIS, NA VILELA DE S\u00c3O FRANCISCO, CONHECIDO COMO POVOADO DE COZINHA, NESTE MUNIC\u00cdPIO."}, {"id": "2085", "ano": "2019", "numero": "60", "tipo__sigla": "REQ", "tipo__descricao": "Requerimento", "autoria": "JO\u00c3O BARBOSA", "texto_original": "http://sapl.donaines.pb.leg.br/media/sapl/public/materialegislativa/2019/2085/requerimento_no_060_de_2019.pdf", "ementa": "SOLICITA A REGULARIZA\u00c7\u00c3O DA \u00c1REA DO A\u00c7UDE DO S\u00cdTIO MULUNG\u00da, NESTE MUNIC\u00cdPIO."}, {"id": "2086", "ano": "2019", "numero": "61", "tipo__sigla": "REQ", "tipo__descricao": "Requerimento", "autoria": "JO\u00c3O BARBOSA", "texto_original": "http://sapl.donaines.pb.leg.br/media/sapl/public/materialegislativa/2019/2086/requerimento_no_061_de_2019.pdf", "ementa": "SOLICITA A LIMPEZA DAS PARADAS DE \u00d4NIBUS EXISTENTES NAS ESTRADAS QUE INTERLIGA DONA IN\u00caS AO BILINGUIM."}, {"id": "2090", "ano": "2019", "numero": "62", "tipo__sigla": "REQ", "tipo__descricao": "Requerimento", "autoria": "EDMILSON ROCHA", "texto_original": "http://sapl.donaines.pb.leg.br/media/sapl/public/materialegislativa/2019/2090/requerimento_no_062_de_2019.pdf", "ementa": "SOLICITA APOIO DA PREFEITURA MUNICIPAL DE DONA IN\u00caS, ATRAV\u00c9S DE DOA\u00c7\u00c3O DE MATERIAIS ESPORTIVOS PARA O DESENVOLVIMENTO DO PROJETO SOCIAL \"F\u00caNIX FUTSAL\"."}, {"id": "2091", "ano": "2019", "numero": "63", "tipo__sigla": "REQ", "tipo__descricao": "Requerimento", "autoria": "ROSILENE FERREIRA (ROSINHA)", "texto_original": "http://sapl.donaines.pb.leg.br/media/sapl/public/materialegislativa/2019/2091/requerimento_no_063_de_2019.pdf", "ementa": "SOLICITA A CONSTRU\u00c7\u00c3O DE UM GIN\u00c1SIO DE ESPORTES NO S\u00cdTIO LAGOA DO BRAZ, NESTE MUNIC\u00cdPIO."}, {"id": "2092", "ano": "2019", "numero": "64", "tipo__sigla": "REQ", "tipo__descricao": "Requerimento", "autoria": "IVONALDO", "texto_original": "http://sapl.donaines.pb.leg.br/media/sapl/public/materialegislativa/2019/2092/requerimento_no_064_de_2019.pdf", "ementa": "SOLICITA A CONSTRU\u00c7\u00c3O DE DOIS BANHEIROS: MASCULINO E FEMININO NA PRA\u00c7A DO TRABALHADOR, NESTA CIDADE."}, {"id": "2093", "ano": "2019", "numero": "65", "tipo__sigla": "REQ", "tipo__descricao": "Requerimento", "autoria": "IVONALDO", "texto_original": "http://sapl.donaines.pb.leg.br/media/sapl/public/materialegislativa/2019/2093/requerimento_no_065_de_2019.pdf", "ementa": "SOLICITA A CONSTRU\u00c7\u00c3O E/OU IMPLANTA\u00c7\u00c3O DE UM PORTAL RECEPTIVO NA ENTRADA DA NOSSA CIDADE."}, {"id": "2094", "ano": "2019", "numero": "66", "tipo__sigla": "REQ", "tipo__descricao": "Requerimento", "autoria": "IVONALDO", "texto_original": "http://sapl.donaines.pb.leg.br/media/sapl/public/materialegislativa/2019/2094/requerimento_no_066_de_2019.pdf", "ementa": "SOLICITA\u00c7\u00c3O NO SENTIDO DE VIABILIZAR A COMPRA DE 1 (UM) CARRO E 2 (DUAS) MOTOS PARA A GUARDA MUNICIPAL DA CIDADE DE DONA IN\u00caS."}, {"id": "2096", "ano": "2019", "numero": "67", "tipo__sigla": "REQ", "tipo__descricao": "Requerimento", "autoria": "IVONALDO", "texto_original": "http://sapl.donaines.pb.leg.br/media/sapl/public/materialegislativa/2019/2096/requerimento_no_067_de_2019.pdf", "ementa": "RECUPERA\u00c7\u00c3O DA ESTRADA VICINAL DO S\u00cdTIO SER\u00d3, NESTE MUNIC\u00cdPIO."}, {"id": "2097", "ano": "2019", "numero": "68", "tipo__sigla": "REQ", "tipo__descricao": "Requerimento", "autoria": "IVONALDO", "texto_original": "http://sapl.donaines.pb.leg.br/media/sapl/public/materialegislativa/2019/2097/requerimento_no_068_de_2019.pdf", "ementa": "SOLICITA REFORMAS NO EST\u00c1DIO O  LUIZ\u00c3O, NESTA CIDADE."}, {"id": "2098", "ano": "2019", "numero": "69", "tipo__sigla": "REQ", "tipo__descricao": "Requerimento", "autoria": "RHUAN RIBEIRO", "texto_original": "http://sapl.donaines.pb.leg.br/media/sapl/public/materialegislativa/2019/2098/requerimento_no_069_de_2019.pdf", "ementa": "SOLICITA A SECRET\u00c1RIA MUNICIPAL DE SA\u00daDE DE DONA IN\u00caS QUE SEJA REALIZADO CONV\u00caNIO COM A SECRETARIA DE SA\u00daDE DO ESTADO DA PARA\u00cdBA PARA A REALIZA\u00c7\u00c3O DE EXAMES DE ALTA COMPLEXIDADE."}, {"id": "2099", "ano": "2019", "numero": "70", "tipo__sigla": "REQ", "tipo__descricao": "Requerimento", "autoria": "EDMILSON ROCHA", "texto_original": "http://sapl.donaines.pb.leg.br/media/sapl/public/materialegislativa/2019/2099/requerimento_no_070_de_2019.pdf", "ementa": "SOLICITA A CONSTRU\u00c7\u00c3O DE UM QUEBRA MOLAS NA RUA JOS\u00c9 FABIANO DA COSTA TEIXEIRA, EM FRENTE A IGREJA CONGREGACIONAL, NESTA CIDADE."}, {"id": "2100", "ano": "2019", "numero": "71", "tipo__sigla": "REQ", "tipo__descricao": "Requerimento", "autoria": "EDMILSON ROCHA", "texto_original": "http://sapl.donaines.pb.leg.br/media/sapl/public/materialegislativa/2019/2100/requerimento_no_071_de_2019.pdf", "ementa": "SOLICITA A COMPRA DE BRINQUEDOS DE PARQUINHOS ADAPTADOS PARA AS CRIAN\u00c7AS COM NECESSIDADES ESPECIAIS."}, {"id": "2101", "ano": "2019", "numero": "72", "tipo__sigla": "REQ", "tipo__descricao": "Requerimento", "autoria": "EDMILSON ROCHA", "texto_original": "http://sapl.donaines.pb.leg.br/media/sapl/public/materialegislativa/2019/2101/requerimento_no_072_de_2019.pdf", "ementa": "SOLICITA A CONSTRU\u00c7\u00c3O DE UM GIN\u00c1SIO DE ESPORTES , UM POSTO \u00c2NCORA NO S\u00cdTIO CAI\u00c7ARA, E A RECUPERA\u00c7\u00c3O COM PI\u00c7ARRA NAS ESTRADAS VICINAIS DA MESMA LOCALIDADE, NESTE MUNIC\u00cdPIO."}, {"id": "2102", "ano": "2019", "numero": "73", "tipo__sigla": "REQ", "tipo__descricao": "Requerimento", "autoria": "EDMILSON ROCHA", "texto_original": "http://sapl.donaines.pb.leg.br/media/sapl/public/materialegislativa/2019/2102/requerimento_no_073_de_2019.pdf", "ementa": "SOLICITA A OPERADORA DE TELEFONIA VIVO O MELHORAMENTO DO SINAL NO POVOADO DE COZINHA E NO S\u00cdTIO CAI\u00c7ARA, NESTE MUNIC\u00cdPIO."}, {"id": "2103", "ano": "2019", "numero": "74", "tipo__sigla": "REQ", "tipo__descricao": "Requerimento", "autoria": "EDMILSON ROCHA", "texto_original": "http://sapl.donaines.pb.leg.br/media/sapl/public/materialegislativa/2019/2103/requerimento_no_074_de_2019.pdf", "ementa": "SOLICITA AO DER DA PARA\u00cdBA, O RO\u00c7O DA ESTRADA QUE LIGA DONA IN\u00caS AO MUNIC\u00cdPIO DE BANANEIRAS."}, {"id": "2111", "ano": "2019", "numero": "75", "tipo__sigla": "REQ", "tipo__descricao": "Requerimento", "autoria": "IVONALDO", "texto_original": "http://sapl.donaines.pb.leg.br/media/sapl/public/materialegislativa/2019/2111/requerimento_no_075_de_2019.pdf", "ementa": "SOLICITA O CAL\u00c7AMENTO DO S\u00cdTIO V\u00c1RZEA GRANDE, NESTE MUNIC\u00cdPIO."}, {"id": "2112", "ano": "2019", "numero": "76", "tipo__sigla": "REQ", "tipo__descricao": "Requerimento", "autoria": "IVONALDO", "texto_original": "http://sapl.donaines.pb.leg.br/media/sapl/public/materialegislativa/2019/2112/requerimento_no_076_de_2019.pdf", "ementa": "SOLICITA A CONSTRU\u00c7\u00c3O DO MURO E UM VESTI\u00c1RIO NO CAMPO DO S\u00cdTIO LAGOA DO BRAZ, NESTE MUNIC\u00cdPIO."}, {"id": "2113", "ano": "2019", "numero": "77", "tipo__sigla": "REQ", "tipo__descricao": "Requerimento", "autoria": "IVONALDO", "texto_original": "http://sapl.donaines.pb.leg.br/media/sapl/public/materialegislativa/2019/2113/requerimento_no_077_de_2019.pdf", "ementa": "SOLICITA A REPARA\u00c7\u00c3O EM TODAS AS ESTRADAS VICINAIS DO MUNIC\u00cdPIO."}, {"id": "2114", "ano": "2019", "numero": "78", "tipo__sigla": "REQ", "tipo__descricao": "Requerimento", "autoria": "RHUAN RIBEIRO", "texto_original": "http://sapl.donaines.pb.leg.br/media/sapl/public/materialegislativa/2019/2114/requerimento_no_078_de_2019.pdf", "ementa": "PAVIMENTA\u00c7\u00c3O E REDE DE ESGOTO DAS RUAS AGENOR DE AZEVEDO MAIS, ASSIS CLAUDINO, GABRIEL BENTO, JOAQUIM PINHEIRO BORGES E MANOEL ALVES DE LIMA."}, {"id": "2115", "ano": "2019", "numero": "79", "tipo__sigla": "REQ", "tipo__descricao": "Requerimento", "autoria": "JAIRO", "texto_original": "http://sapl.donaines.pb.leg.br/media/sapl/public/materialegislativa/2019/2115/requerimento_no_079_de_2019.pdf", "ementa": "SOLICITA\u00c7\u00c3O AO SECRET\u00c1RIO EXECUTIVO DA AGRICULTURA E PESCA DO ESTADO DA PARA\u00cdBA, O SENHOR JER\u00d4NIMO ARLINDO DA SILVA JUNIOR, A DOA\u00c7\u00c3O DE 30.000 (TRINTA MIL) ALEVINOS, PARA POVOAMENTO DOS A\u00c7UDES/BARRAGENS DO NOSSO MUNIC\u00cdPIO."}, {"id": "2116", "ano": "2019", "numero": "80", "tipo__sigla": "REQ", "tipo__descricao": "Requerimento", "autoria": "DAM\u00c1SIO BERTO", "texto_original": "http://sapl.donaines.pb.leg.br/media/sapl/public/materialegislativa/2019/2116/requerimento_no_080_de_2019.pdf", "ementa": "SOLICITA\u00c7\u00c3O DE CONSTRU\u00c7\u00c3O DE UM GIN\u00c1SIO DE ESPORTES NA ESCOLA ESTADUAL DE ENSINO M\u00c9DIO GOVERNADOR CL\u00d3VIS BEZERRA CAVALCANTI."}, {"id": "2119", "ano": "2019", "numero": "81", "tipo__sigla": "REQ", "tipo__descricao": "Requerimento", "autoria": "JO\u00c3O BARBOSA", "texto_original": "http://sapl.donaines.pb.leg.br/media/sapl/public/materialegislativa/2019/2119/requerimento_no_081_de_2019.pdf", "ementa": "CONVOCA\u00c7\u00c3O DO SR. DIRETOR DE OBRAS, MANOEL FERREIRA DE ARA\u00daJO, PARA DAR ESCLARECIMENTOS NESTA CASA, SOBRE OS PROJETOS DE INFRAESTRUTURA PARA O MUNIC\u00cdPIO."}, {"id": "2120", "ano": "2019", "numero": "82", "tipo__sigla": "REQ", "tipo__descricao": "Requerimento", "autoria": "JO\u00c3O BARBOSA", "texto_original": "http://sapl.donaines.pb.leg.br/media/sapl/public/materialegislativa/2019/2120/requerimento_no_082_de_2019.pdf", "ementa": "SOLICITA A ESCAVA\u00c7\u00c3O DE 2 (DOIS) PO\u00c7OS ARTESIANOS NO S\u00cdTIO QUEIMADAS ,E 1 (UM) NO S\u00cdTIO LAGEDO PRETO O MUNIC\u00cdPIO."}, {"id": "2121", "ano": "2019", "numero": "83", "tipo__sigla": "REQ", "tipo__descricao": "Requerimento", "autoria": "IVONALDO", "texto_original": "http://sapl.donaines.pb.leg.br/media/sapl/public/materialegislativa/2019/2121/requerimento_no_083_de_2019.pdf", "ementa": "SOLICITA O MELHORAMENTO DO CAMPO DE PELADA SITUADO EM FRENTE \u00c0 ESCOLA M. E. F. SENADOR HUMBERTO LUCENA; A CONSTRU\u00c7\u00c3O DE UM VESTI\u00c1RIO E RECUPERA\u00c7\u00c3O DO GRAMADO NO CAMPO DE FUTEBOL DO S\u00cdTIO SERRA DO S\u00cdTIO, NESTE MUNIC\u00cdPIO."}, {"id": "2122", "ano": "2019", "numero": "84", "tipo__sigla": "REQ", "tipo__descricao": "Requerimento", "autoria": "RHUAN RIBEIRO", "texto_original": "http://sapl.donaines.pb.leg.br/media/sapl/public/materialegislativa/2019/2122/requerimento_no_084_de_2019.pdf", "ementa": "SOLICITO A CAGEPA EXTENS\u00c3O DE REDE DE \u00c1GUA NO MUNIC\u00cdPIO DE DONA IN\u00caS/PB."}, {"id": "2123", "ano": "2019", "numero": "85", "tipo__sigla": "REQ", "tipo__descricao": "Requerimento", "autoria": "RHUAN RIBEIRO", "texto_original": "http://sapl.donaines.pb.leg.br/media/sapl/public/materialegislativa/2019/2123/requerimento_no_085_de_2019.pdf", "ementa": "SOLICITA AO DEPUTADO RICARDO BARBOSA MELHORIAS NA PB 103."}, {"id": "2124", "ano": "2019", "numero": "87", "tipo__sigla": "REQ", "tipo__descricao": "Requerimento", "autoria": "JAIRO", "texto_original": "http://sapl.donaines.pb.leg.br/media/sapl/public/materialegislativa/2019/2124/requerimento_no_086_de_2019.pdf", "ementa": "SOLICITA\u00c7\u00c3O A SENHORA PRESIDENTE ROSILENE FERREIRA DE LIMA, PARA QUE SEJA CONSTITU\u00cdDA COMISS\u00c3O ESPECIAL."}, {"id": "2125", "ano": "2019", "numero": "88", "tipo__sigla": "REQ", "tipo__descricao": "Requerimento", "autoria": "Bancada de Oposi\u00e7\u00e3o", "texto_original": "http://sapl.donaines.pb.leg.br/media/sapl/public/materialegislativa/2019/2125/requerimento_no_088_de_2019.pdf", "ementa": "SOLICITA\u00c7\u00c3O DE INFORMA\u00c7\u00d5ES \u00c0 AG\u00caNCIA DO BANCO DO BRASIL \u2013 PIRPIRITUBA/PB."}, {"id": "2126", "ano": "2019", "numero": "89", "tipo__sigla": "REQ", "tipo__descricao": "Requerimento", "autoria": "DAM\u00c1SIO BERTO", "texto_original": "http://sapl.donaines.pb.leg.br/media/sapl/public/materialegislativa/2019/2126/requerimento_no_089_de_2019.pdf", "ementa": "SOLICITA\u00c7\u00c3O DO PODER EXECUTIVO FIRMAR CONV\u00caNIO COM FUNDA\u00c7\u00c3O NAPOLE\u00c3O LAUREANO, ENTIDADE DA SOCIEDADE CIVIL,MANTENEDORA DO HOSPITAL LAUREANO, A T\u00cdTULO DE SUBVEN\u00c7\u00c3O  SOCIAL, NA CIDADE DE JO\u00c3O PESSOA PB."}, {"id": "2127", "ano": "2019", "numero": "90", "tipo__sigla": "REQ", "tipo__descricao": "Requerimento", "autoria": "DAM\u00c1SIO BERTO", "texto_original": "http://sapl.donaines.pb.leg.br/media/sapl/public/materialegislativa/2019/2127/requerimento_no_090_de_2019.pdf", "ementa": "SOLICITA\u00c7\u00c3O DE CONSTRU\u00c7\u00c3O DE UM MATA BURRO NA ESTRADA VICINAL DO S\u00cdTIO OLHO D\u2019 \u00c1GUA, LOCALIZADO A MARGEM DA PB 099, NESTE MUNIC\u00cdPIO DE DONA IN\u00caS PB."}, {"id": "2128", "ano": "2019", "numero": "91", "tipo__sigla": "REQ", "tipo__descricao": "Requerimento", "autoria": "DAM\u00c1SIO BERTO", "texto_original": "http://sapl.donaines.pb.leg.br/media/sapl/public/materialegislativa/2019/2128/requerimento_no_091_de_2019.pdf", "ementa": "SOLICITA\u00c7\u00c3O DE PERFURA\u00c7\u00c3O DE PO\u00c7OS ARTESIANOS."}, {"id": "2129", "ano": "2019", "numero": "92", "tipo__sigla": "REQ", "tipo__descricao": "Requerimento", "autoria": "DAM\u00c1SIO BERTO", "texto_original": "http://sapl.donaines.pb.leg.br/media/sapl/public/materialegislativa/2019/2129/requerimento_no_092_de_2019.pdf", "ementa": "REFORMA DO PR\u00c9DIO DA DELEGACIA DA CIDADE DE DONA IN\u00caS \u2013 PB."}, {"id": "2130", "ano": "2019", "numero": "93", "tipo__sigla": "REQ", "tipo__descricao": "Requerimento", "autoria": "EDMILSON ROCHA", "texto_original": "http://sapl.donaines.pb.leg.br/media/sapl/public/materialegislativa/2019/2130/requerimento_no_093_de_2019.pdf", "ementa": "SOLICITA A REFORMA DO VESTI\u00c1RIO, RECUPERA\u00c7\u00c3O DO CAMPO DE PELADA E A REPOSI\u00c7\u00c3O DE REFLETORES NO INTERIOR DO GIN\u00c1SIO POLIESPORTIVO, LOCALIZADO NO S\u00cdTIO COZINHA, NESTE MUNIC\u00cdPIO."}, {"id": "2131", "ano": "2019", "numero": "94", "tipo__sigla": "REQ", "tipo__descricao": "Requerimento", "autoria": "JAIRO", "texto_original": "http://sapl.donaines.pb.leg.br/media/sapl/public/materialegislativa/2019/2131/requerimento_no_094_de_2019.pdf", "ementa": "SOLICITA\u00c7\u00c3O AO SECRET\u00c1RIO EXECUTIVO DA AGRICULTURA E PESCA DO ESTADO DA PARA\u00cdBA, O SENHOR JER\u00d4NIMO ARLINDO DA SILVA J\u00daNIOR, DISPONIBILIZA\u00c7\u00c3O DE ENGENHEIRO (EQUIPE) PARA MINISTRAR PALESTRA SOBRE AQUAPONIA COMBINADA COM AQUICULTURA."}, {"id": "2133", "ano": "2019", "numero": "95", "tipo__sigla": "REQ", "tipo__descricao": "Requerimento", "autoria": "RHUAN RIBEIRO", "texto_original": "http://sapl.donaines.pb.leg.br/media/sapl/public/materialegislativa/2019/2133/requerimento_no_095_de_2019.pdf", "ementa": "SOLICITA A PREFEITURA MUNICIPAL ATRAV\u00c9S DA SECRET\u00c1RIA DE SA\u00daDE A VACINA\u00c7\u00c3O ANTIRR\u00c1BICA PARA C\u00c3ES E GATOS."}, {"id": "2136", "ano": "2019", "numero": "96", "tipo__sigla": "REQ", "tipo__descricao": "Requerimento", "autoria": "JO\u00c3O BARBOSA", "texto_original": "http://sapl.donaines.pb.leg.br/media/sapl/public/materialegislativa/2019/2136/requerimento_no_096_de_2019.pdf", "ementa": "SOLICITA AUDI\u00caNCIA P\u00daBLICA PARA DISCUTIR A SITUA\u00c7\u00c3O DA PREVID\u00caNCIA SOCIAL NO \u00c2MBITO FEDERAL, ESTADUAL E MUNICIPAL."}, {"id": "2137", "ano": "2019", "numero": "97", "tipo__sigla": "REQ", "tipo__descricao": "Requerimento", "autoria": "EDMILSON ROCHA", "texto_original": "http://sapl.donaines.pb.leg.br/media/sapl/public/materialegislativa/2019/2137/requerimento_no_097_de_2019.pdf", "ementa": "SOLICITA\u00c7\u00c3O AO PREFEITO JO\u00c3O IDALINO DA SILVA, NO SENTIDO DE ALUGAR UMA CASA DE APOIO NA CIDADE DE JO\u00c3O PESSOA/PB."}, {"id": "2138", "ano": "2019", "numero": "98", "tipo__sigla": "REQ", "tipo__descricao": "Requerimento", "autoria": "EDMILSON ROCHA", "texto_original": "http://sapl.donaines.pb.leg.br/media/sapl/public/materialegislativa/2019/2138/requerimento_no_098_de_2019.pdf", "ementa": "SOLICITA AO PREFEITO JO\u00c3O IDALINO DA SILVA, COLOCA\u00c7\u00c3O DE PI\u00c7ARRO NO TRECHO DE ESTRADA VICINAL, EM FRENTE A PASTORAL DA CRIAN\u00c7A,NO S\u00cdTIO CAI\u00c7ARA, DESTE MUNIC\u00cdPIO."}, {"id": "2142", "ano": "2019", "numero": "99", "tipo__sigla": "REQ", "tipo__descricao": "Requerimento", "autoria": "ROSILENE FERREIRA (ROSINHA)", "texto_original": "http://sapl.donaines.pb.leg.br/media/sapl/public/materialegislativa/2019/2142/requerimento_no_099_de_2019.pdf", "ementa": "SOLICITA\u00c7\u00c3O AO SENHOR PREFEITO JO\u00c3O IDALINO DA SILVA, NO SENTIDO DE RETIRAR UMA PEDRA NA ESTRADA QUE D\u00c1 ACESSO AO S\u00cdTIO LAGOA DO BR\u00c1S,NESTE MUNIC\u00cdPIO."}, {"id": "2143", "ano": "2019", "numero": "100", "tipo__sigla": "REQ", "tipo__descricao": "Requerimento", "autoria": "RHUAN RIBEIRO", "texto_original": "http://sapl.donaines.pb.leg.br/media/sapl/public/materialegislativa/2019/2143/requerimento_no_100_de_2019.pdf", "ementa": "SOLICITA\u00c7\u00c3O A ENERGISA NO SENTIDO DE FAZER UMA REVIS\u00c3O DA REDE EL\u00c9TRICA,DO POVOADO DO S\u00cdTIO COZINHA, NESTE MUNIC\u00cdPIO."}, {"id": "2144", "ano": "2019", "numero": "101", "tipo__sigla": "REQ", "tipo__descricao": "Requerimento", "autoria": "JO\u00c3O BARBOSA", "texto_original": "http://sapl.donaines.pb.leg.br/media/sapl/public/materialegislativa/2019/2144/requerimento_no_101_de_2019.pdf", "ementa": "SOLICITA O REMANEJAMENTO DE UM SETOR PARA O OUTRO POR NECESSIDADE DE SERVI\u00c7O QUALIFICADO."}, {"id": "2145", "ano": "2019", "numero": "102", "tipo__sigla": "REQ", "tipo__descricao": "Requerimento", "autoria": "DAM\u00c1SIO BERTO", "texto_original": "http://sapl.donaines.pb.leg.br/media/", "ementa": "REQUER A REALIZA\u00c7\u00c3O DE SESS\u00c3O ESPECIAL ALUSIVA AOS 60 ANOS DE EMANCIPA\u00c7\u00c3O POL\u00cdTICA DO MUNIC\u00cdPIO DE DONA IN\u00caS, A SER REALIZADA NO M\u00caS DE NOVEMBRO DE 2019."}, {"id": "2146", "ano": "2019", "numero": "103", "tipo__sigla": "REQ", "tipo__descricao": "Requerimento", "autoria": "DAM\u00c1SIO BERTO", "texto_original": "http://sapl.donaines.pb.leg.br/media/sapl/public/materialegislativa/2019/2146/requerimento_no_103_de_2019.pdf", "ementa": "REQUER A REALIZA\u00c7\u00c3O DE SESS\u00c3O ESPECIAL A SER REALIZADA NO M\u00caS OUTUBRO DE 2019, NO PLEN\u00c1RIO DA C\u00c2MARA MUNICIPAL, INTEGRANDO AS A\u00c7\u00d5ES DA CAMPANHA OUTUBRO ROSA."}, {"id": "2147", "ano": "2019", "numero": "104", "tipo__sigla": "REQ", "tipo__descricao": "Requerimento", "autoria": "DAM\u00c1SIO BERTO", "texto_original": "http://sapl.donaines.pb.leg.br/media/sapl/public/materialegislativa/2019/2147/requerimento_no_104_de_2019.pdf", "ementa": "REQUER A REALIZA\u00c7\u00c3O DE SESS\u00c3O ESPECIAL A SER REALIZADA NO M\u00caS NOVEMBRO DE 2019, NO PLEN\u00c1RIO DA C\u00c2MARA MUNICIPAL, INTEGRANDO AS A\u00c7\u00d5ES DA CAMPANHA NOVEMBRO AZUL, SOBRE O C\u00c2NCER DE PR\u00d3STATA."}, {"id": "2148", "ano": "2019", "numero": "105", "tipo__sigla": "REQ", "tipo__descricao": "Requerimento", "autoria": "DAM\u00c1SIO BERTO", "texto_original": "http://sapl.donaines.pb.leg.br/media/sapl/public/materialegislativa/2019/2148/requerimento_no_105_de_2019.pdf", "ementa": "SOLICITA A PAVIMENTA\u00c7\u00c3O DA RUA LATERAL E DA FRENTE DA CAPELA DE NOSSA SENHORA APARECIDA, NA COMUNIDADE DE SERRA DO S\u00cdTIO, NESTE MUNIC\u00cdPIO."}, {"id": "2151", "ano": "2019", "numero": "106", "tipo__sigla": "REQ", "tipo__descricao": "Requerimento", "autoria": "Bancada da Situa\u00e7\u00e3o", "texto_original": "http://sapl.donaines.pb.leg.br/media/sapl/public/materialegislativa/2019/2151/requerimento_no_106_de_2019.pdf", "ementa": "INSTITUIR NO \u00c2MBITO DO MUNIC\u00cdPIO A PATRULHA ESCOLAR, EM PARCERIA COM SECRETARIA MUNICIPAL DE EDUCA\u00c7\u00c3O E A GUARDA MUNICIPAL."}, {"id": "2152", "ano": "2019", "numero": "107", "tipo__sigla": "REQ", "tipo__descricao": "Requerimento", "autoria": "JAIRO", "texto_original": "http://sapl.donaines.pb.leg.br/media/sapl/public/materialegislativa/2019/2152/requerimento_no_107_de_2019.pdf", "ementa": "INSTALA\u00c7\u00c3O DE PONTO DE ACESSO HOTPOST (LOCAL P\u00daBLICO ONDE OPERE REDE SEM FIO PARA USO DA REDE WI-FI), (INTERNET SEM FIO) NAS PRA\u00c7AS P\u00daBLICAS DESTE MUNIC\u00cdPIO: PRA\u00c7A DO TRABALHADOR, PRA\u00c7A JOS\u00c9 MATIAS DE ARA\u00daJO, PRA\u00c7A DA ESCOLA MUNICIPAL DO ENSINO FUNDAMENTAL SENADOR HUMBERTO LUCENA, PRA\u00c7A NIVALDO C\u00c2NDIDO DE ARA\u00daJO E ESPA\u00c7O DA JUVENTUDE."}, {"id": "2153", "ano": "2019", "numero": "109", "tipo__sigla": "REQ", "tipo__descricao": "Requerimento", "autoria": "RHUAN RIBEIRO", "texto_original": "http://sapl.donaines.pb.leg.br/media/sapl/public/materialegislativa/2019/2153/requerimento_no_109_de_2019.pdf", "ementa": "SOLICITA MO\u00c7\u00c3O DE APLAUSOS A GUARDA MUNICIPAL, DESTE MUNIC\u00cdPIO."}, {"id": "2156", "ano": "2019", "numero": "110", "tipo__sigla": "REQ", "tipo__descricao": "Requerimento", "autoria": "JOS\u00c9 EDMILSON", "texto_original": "http://sapl.donaines.pb.leg.br/media/sapl/public/materialegislativa/2019/2156/requerimento_no_110_de_2019.pdf", "ementa": "CONSTRU\u00c7\u00c3O DE UMA RAMPA DE ACESSIBILIDADE AO PSF DO S\u00cdTIO SERRA DO S\u00cdTIO, NESTE MUNIC\u00cdPIO."}, {"id": "2157", "ano": "2019", "numero": "111", "tipo__sigla": "REQ", "tipo__descricao": "Requerimento", "autoria": "EDMILSON ROCHA", "texto_original": "http://sapl.donaines.pb.leg.br/media/sapl/public/materialegislativa/2019/2157/requerimento_no_111_de_2019.pdf", "ementa": "SOLICITA A RECUPERA\u00c7\u00c3O DO TRECHO DE ESTRADA QUE LIGA Z\u00c9 DE PEREIRA AT\u00c9 GERALDO ALEXANDRE, NO S\u00cdTIO SER\u00d3 DESTE MUNIC\u00cdPIO."}, {"id": "2158", "ano": "2019", "numero": "112", "tipo__sigla": "REQ", "tipo__descricao": "Requerimento", "autoria": "EDMILSON ROCHA", "texto_original": "http://sapl.donaines.pb.leg.br/media/sapl/public/materialegislativa/2019/2158/requerimento_no_112_de_2019.pdf", "ementa": "SOLICITA A LIMPEZA E DESOBSTRU\u00c7\u00c3O DE UMA BUEIRA, PR\u00d3XIMO A RESID\u00caNCIA DO SENHOR PEDRO IRINEU, NO S\u00cdTIO BREJINHO DESTE MUNIC\u00cdPIO."}, {"id": "2163", "ano": "2019", "numero": "113", "tipo__sigla": "REQ", "tipo__descricao": "Requerimento", "autoria": "EDMILSON ROCHA", "texto_original": "http://sapl.donaines.pb.leg.br/media/sapl/public/materialegislativa/2019/2163/requerimento_no_113_de_2019.pdf", "ementa": "SOLICITA A REATIVA\u00c7\u00c3O DO PO\u00c7O ARTESIANO EM FRENTE AO SENHOR PAULO SANFONEIRO; LIMPEZA E ESCAVA\u00c7\u00c3O DA CACIMBA D\u2019\u00c1GUA, PR\u00d3XIMA A PROPRIEDADE DE ANT\u00d4NIO PINHEIRO (ANT\u00d4NIO DE AR\u00c3O), NO S\u00cdTIO BREJINHO, NESTE MUNIC\u00cdPIO."}, {"id": "2159", "ano": "2019", "numero": "114", "tipo__sigla": "REQ", "tipo__descricao": "Requerimento", "autoria": "ROSILENE FERREIRA (ROSINHA)", "texto_original": "http://sapl.donaines.pb.leg.br/media/sapl/public/materialegislativa/2019/2159/requerimento_no_114_de_2019.pdf", "ementa": "SOLICITA DE UM ABRIGO MUNICIPAL PARA C\u00c3ES E GATOS EM SITUA\u00c7\u00c3O DE RUA, NO MUNIC\u00cdPIO DE DONA IN\u00caS E D\u00c1 OUTRAS PROVID\u00caNCIAS."}, {"id": "2160", "ano": "2019", "numero": "115", "tipo__sigla": "REQ", "tipo__descricao": "Requerimento", "autoria": "ROSILENE FERREIRA (ROSINHA)", "texto_original": "http://sapl.donaines.pb.leg.br/media/sapl/public/materialegislativa/2019/2160/requerimento_no_115_de_2019.pdf", "ementa": "SOLICITA A INSTALA\u00c7\u00c3O DE KIT DE PVC PARA A COLOCA\u00c7\u00c3O DE \u00c1GUA E RA\u00c7\u00c3O PARA ANIMAIS DE RUA, NOS BAIRROS DA CIDADE DE DONA IN\u00caS, E D\u00c1 OUTRAS PROVID\u00caNCIAS."}, {"id": "2164", "ano": "2019", "numero": "116", "tipo__sigla": "REQ", "tipo__descricao": "Requerimento", "autoria": "IVONALDO", "texto_original": "http://sapl.donaines.pb.leg.br/media/sapl/public/materialegislativa/2019/2164/requerimento_no_116_de_2019.pdf", "ementa": "SOLICITA A CONSTRU\u00c7\u00c3O DE UMA GARAGEM COM PORT\u00c3O AO LADO DO POSTO DE SA\u00daDE DO S\u00cdTIO TAPUIO, NESTE MUNIC\u00cdPIO."}, {"id": "2165", "ano": "2019", "numero": "117", "tipo__sigla": "REQ", "tipo__descricao": "Requerimento", "autoria": "RHUAN RIBEIRO", "texto_original": "http://sapl.donaines.pb.leg.br/media/sapl/public/materialegislativa/2019/2165/requerimento_no_117_de_2019.pdf", "ementa": "SOLICITA A CONSTRU\u00c7\u00c3O DE UMA CISTERNA, NA ESCOLA MUNICIPAL DO ENSINO FUNDAMENTAL DR. JOS\u00c9 DE MELO, NESTA CIDADE."}, {"id": "2168", "ano": "2019", "numero": "118", "tipo__sigla": "REQ", "tipo__descricao": "Requerimento", "autoria": "IVONALDO", "texto_original": "http://sapl.donaines.pb.leg.br/media/sapl/public/materialegislativa/2019/2168/requerimento_no_118_de_2019.pdf", "ementa": "SOLICITA A LIMPEZA DA LAGOA DO S\u00cdTIO QUEIMADAS, CONHECIDA COMO LAGOA DO SENHOR Z\u00c9 DE COITO, NESTE MUNIC\u00cdPIO."}, {"id": "2104", "ano": "2019", "numero": "1", "tipo__sigla": "VI", "tipo__descricao": "Veto Integral", "autoria": "PREFEITO MUNICIPAL", "texto_original": "http://sapl.donaines.pb.leg.br/media/", "ementa": "VETO INTEGRAL AO  PROJETO DE LEI N\u00ba 015/2019, DE AUTORIA DO VEREADOR DAM\u00c1SIO BERTO DE OLIVEIRA - PSD, QUE DISP\u00d5E SOBRE OBRIGATORIEDADE DE ENVIO DE INFORMA\u00c7\u00d5ES \u00c0 C\u00c2MARA  DE VEREADORES SOBRE INDICA\u00c7\u00d5ES E OS PEDIDOS DE PROVID\u00caNCIAS REMETIDOS AO PODER EXECUTIVO MUNICIPAL E D\u00c1 OUTRAS PROVID\u00caNCIAS."}, {"id": "3114", "ano": "2019", "numero": "784", "tipo__sigla": "Leis", "tipo__descricao": "Lei Ordin\u00e1ria Municipal", "autoria": "", "texto_original": "http://sapl.donaines.pb.leg.br/media/sapl/public/materialegislativa/2019/3114/lei__municipal_no_784_de_2019.pdf", "ementa": "FIXA O \u00cdNDICE DE REVIS\u00c3O GERAL ANUAL, EXERC\u00cdCIO 2019, PRECEITUADA NO ART. 37, INCISO X, DA CF/88, COMBINADO COMO ART. 49, XVI, DA LOM, PARA AS REMUNERA\u00c7\u00d5ES DOS SERVIDORES E AGENTES POL\u00cdTICOS DO PODER LEGISLATIVO, E D\u00c1 OUTRAS PROVID\u00caNCIAS."}, {"id": "3115", "ano": "2019", "numero": "785", "tipo__sigla": "Leis", "tipo__descricao": "Lei Ordin\u00e1ria Municipal", "autoria": "", "texto_original": "http://sapl.donaines.pb.leg.br/media/sapl/public/materialegislativa/2019/3115/lei__municipal_no_785_de_2019.pdf", "ementa": "FIXA VALOR DO SAL\u00c1RIO M\u00cdNIMO DO SERVIDORES DA C\u00c2MARA MUNICIPAL DE DONA IN\u00caS /PB E DA OUTRAS PROVID\u00caNCIAS."}, {"id": "3116", "ano": "2019", "numero": "786", "tipo__sigla": "Leis", "tipo__descricao": "Lei Ordin\u00e1ria Municipal", "autoria": "", "texto_original": "http://sapl.donaines.pb.leg.br/media/sapl/public/materialegislativa/2019/3116/lei__municipal_no_786_de_2019.pdf", "ementa": "INSTITUI A CAMPANHA DE CONSCIENTIZA\u00c7\u00c3O SOBRE A HANSEN\u00cdASE, DENOMINADA DE \"JANEIRO ROXO\", NO MUNIC\u00cdPIO DE DONA IN\u00caS E D\u00c1 OUTRAS PROVID\u00caNCIAS."}, {"id": "3117", "ano": "2019", "numero": "787", "tipo__sigla": "Leis", "tipo__descricao": "Lei Ordin\u00e1ria Municipal", "autoria": "", "texto_original": "http://sapl.donaines.pb.leg.br/media/sapl/public/materialegislativa/2019/3117/lei__municipal_no_787_de_2019.pdf", "ementa": "INSTITUI A CAMPANHA DE EST\u00cdMULO AO CUIDADO MENTAL E BEM ESTAR, DENOMINADA \"JANEIRO BRANCO\", NO MUNIC\u00cdPIO DE DONA IN\u00caS E D\u00c1 OUTRAS PROVID\u00caNCIAS.OVID\u00caNCIAS."}, {"id": "3118", "ano": "2019", "numero": "788", "tipo__sigla": "Leis", "tipo__descricao": "Lei Ordin\u00e1ria Municipal", "autoria": "", "texto_original": "http://sapl.donaines.pb.leg.br/media/sapl/public/materialegislativa/2019/3118/lei__municipal_no_788_de_2019.pdf", "ementa": "DISP\u00d5E SOBRE A INSTITUI\u00c7\u00c3O DA CAMPANHA DE PREVEN\u00c7\u00c3O AO SUIC\u00cdDIO \"SETEMBRO AMARELO\" NO MUNIC\u00cdPIO DE DONA IN\u00caS E D\u00c1 OUTRAS PROVID\u00caNCIAS."}, {"id": "3119", "ano": "2019", "numero": "789", "tipo__sigla": "Leis", "tipo__descricao": "Lei Ordin\u00e1ria Municipal", "autoria": "", "texto_original": "http://sapl.donaines.pb.leg.br/media/sapl/public/materialegislativa/2019/3119/lei__municipal_no_789_de_2019.pdf", "ementa": "DISP\u00d5E SOBRE A OBRIGATORIEDADE DA DISPONIBILIZA\u00c7\u00c3O DE INFORMA\u00c7\u00d5ES , SOBRE MEDICAMENTOS DISTRIBU\u00cdDOS GRATUITAMENTE \u00c0 POPULA\u00c7\u00c3O PELO SISTEMA \u00daNICO DE SA\u00daDE (SUS), NO MUNIC\u00cdPIO DE DONA IN\u00caS E D\u00c1 OUTRAS PROVID\u00caNCIAS."}, {"id": "3120", "ano": "2019", "numero": "790", "tipo__sigla": "Leis", "tipo__descricao": "Lei Ordin\u00e1ria Municipal", "autoria": "", "texto_original": "http://sapl.donaines.pb.leg.br/media/sapl/public/materialegislativa/2019/3120/lei__municipal_no_790_de_2019.pdf", "ementa": "INSTITUI A \"SEMANA DA FAM\u00cdLIA NA ESCOLA\", NO \u00c2MBITO DO MUNIC\u00cdPIO DE DONA IN\u00caS, E D\u00c1 OUTRAS PROVID\u00caNCIAS."}, {"id": "3121", "ano": "2019", "numero": "792", "tipo__sigla": "Leis", "tipo__descricao": "Lei Ordin\u00e1ria Municipal", "autoria": "", "texto_original": "http://sapl.donaines.pb.leg.br/media/sapl/public/materialegislativa/2019/3121/lei__municipal_no_792_de_2019.pdf", "ementa": "DISP\u00d5E SOBRE A ISEN\u00c7\u00c3O DE PAGAMENTO DE TAXAS DE INSCRI\u00c7\u00c3O EM SELETIVOS DE CONTRATA\u00c7\u00c3O E CONCURSOS P\u00daBLICOS, NO \u00c2MBITO DO MUNIC\u00cdPIO DE DONA IN\u00caS,PARA CIDAD\u00c3OS QUE PRESTEM SERVI\u00c7OS \u00c0 JUSTI\u00c7A ELEITORAL NO PER\u00cdODO DE ELEI\u00c7\u00c3O E D\u00c1 OUTRAS PROVID\u00caNCIAS."}, {"id": "3122", "ano": "2019", "numero": "793", "tipo__sigla": "Leis", "tipo__descricao": "Lei Ordin\u00e1ria Municipal", "autoria": "", "texto_original": "http://sapl.donaines.pb.leg.br/media/sapl/public/materialegislativa/2019/3122/lei__municipal_no_793_de_2019.pdf", "ementa": "REAJUSTA O SAL\u00c1RIO M\u00cdNIMO DOS SERVIDORES MUNICIPAL E D\u00c1 OUTRAS PROVID\u00caNCIAS."}, {"id": "3123", "ano": "2019", "numero": "794", "tipo__sigla": "Leis", "tipo__descricao": "Lei Ordin\u00e1ria Municipal", "autoria": "", "texto_original": "http://sapl.donaines.pb.leg.br/media/sapl/public/materialegislativa/2019/3123/lei__municipal_no_794_de_2019.pdf", "ementa": "REAJUSTA O PISO SALARIAL DOS PROFISSIONAIS DOS AGENTE COMUNIT\u00c1RIOS DE SA\u00daDE E DOS AGENTES DE COMBATES AS ENDEMIAS E D\u00c1 OUTRAS PROVID\u00caNCIAS."}, {"id": "3124", "ano": "2019", "numero": "795", "tipo__sigla": "Leis", "tipo__descricao": "Lei Ordin\u00e1ria Municipal", "autoria": "", "texto_original": "http://sapl.donaines.pb.leg.br/media/sapl/public/materialegislativa/2019/3124/lei__municipal_no_795_de_2019.pdf", "ementa": "INSTITUI O \"DIA MUNICIPAL DO DOADOR VOLUNT\u00c1RIO DE SANGUE\" E A \"SEMANA MUNICIPAL DE INCENTIVO \u00c0 DOA\u00c7\u00c3O DE SANGUE\" O \u00c2MBITO DO MUNIC\u00cdPIO DE DONA IN\u00caS E D\u00c1 OUTRAS PROVID\u00caNCIAS.\""}, {"id": "3125", "ano": "2019", "numero": "796", "tipo__sigla": "Leis", "tipo__descricao": "Lei Ordin\u00e1ria Municipal", "autoria": "", "texto_original": "http://sapl.donaines.pb.leg.br/media/sapl/public/materialegislativa/2019/3125/lei__municipal_no_796_de_2019.pdf", "ementa": "DISP\u00d5E SOBRE A INSER\u00c7\u00c3O DO NOME DO AUTOR DO PROJETO DE LEI NAS LEIS DO MUNIC\u00cdPIO DE DONA IN\u00caS E D\u00c1 OUTRAS PROVID\u00caNCIAS."}, {"id": "3126", "ano": "2019", "numero": "797", "tipo__sigla": "Leis", "tipo__descricao": "Lei Ordin\u00e1ria Municipal", "autoria": "", "texto_original": "http://sapl.donaines.pb.leg.br/media/sapl/public/materialegislativa/2019/3126/lei_municipal_no_797_de_2019.pdf", "ementa": "DISP\u00d5E SOBRE A OBRIGATORIEDADE DO PODER EXECUTIVO ENVIAR EDITAIS DE LICITA\u00c7\u00c3O E DE DECRETOS PARA A C\u00c2MARA DE VEREADORES E D\u00c1 OUTRAS PROVID\u00caNCIAS."}, {"id": "3127", "ano": "2019", "numero": "798", "tipo__sigla": "Leis", "tipo__descricao": "Lei Ordin\u00e1ria Municipal", "autoria": "", "texto_original": "http://sapl.donaines.pb.leg.br/media/sapl/public/materialegislativa/2019/3127/lei_municipal_no_798_de_2019.pdf", "ementa": "DISP\u00d5E SOBRE A OBRIGATORIEDADE DE ENVIO DE INFORMA\u00c7\u00d5ES \u00c0 C\u00c2MARA DE VEREADORES SOBRE AS INDICA\u00c7\u00d5ES E OS PEDIDOS DE PROVID\u00caNCIAS REMETIDOS AO PODER EXECUTIVO MUNICIPAL E D\u00c1 OUTRAS PROVID\u00caNCIAS."}, {"id": "3128", "ano": "2019", "numero": "799", "tipo__sigla": "Leis", "tipo__descricao": "Lei Ordin\u00e1ria Municipal", "autoria": "", "texto_original": "http://sapl.donaines.pb.leg.br/media/sapl/public/materialegislativa/2019/3128/lei_municipal_no_799_de_2019.pdf", "ementa": "DISP\u00d5E SOBRE TRANSMISS\u00c3O AO VIVO, VIA INTERNET, DE TODAS AS LICITA\u00c7\u00d5ES REALIZADAS NO PODER EXECUTIVO E LEGISLATIVO MUNIC\u00cdPIO DE DONA IN\u00caS E D\u00c1 OUTRAS PROVID\u00caNCIAS."}, {"id": "3129", "ano": "2019", "numero": "800", "tipo__sigla": "Leis", "tipo__descricao": "Lei Ordin\u00e1ria Municipal", "autoria": "", "texto_original": "http://sapl.donaines.pb.leg.br/media/sapl/public/materialegislativa/2019/3129/lei_municipal_no_800_de_2019.pdf", "ementa": "ESTABELECE AS DIRETRIZES PARA A ELABORA\u00c7\u00c3O DO OR\u00c7AMENTO GERAL DO MUNIC\u00cdPIO RELATIVO AO EXERC\u00cdCIO DE 2020 E ADOTA OUTRAS PROVID\u00caNCIAS."}, {"id": "3130", "ano": "2019", "numero": "808", "tipo__sigla": "Leis", "tipo__descricao": "Lei Ordin\u00e1ria Municipal", "autoria": "", "texto_original": "http://sapl.donaines.pb.leg.br/media/sapl/public/materialegislativa/2019/3130/lei_municipal_no_808_de_2019.pdf", "ementa": "INSTITUI NO CALEND\u00c1RIO DE EVENTOS DO MUNIC\u00cdPIO DE DONA IN\u00caS A SEMANA MUNICIPAL DA AGRICULTURA FAMILIAR E D\u00c1 OUTRAS PROVID\u00caNCIAS."}, {"id": "3131", "ano": "2019", "numero": "816", "tipo__sigla": "Leis", "tipo__descricao": "Lei Ordin\u00e1ria Municipal", "autoria": "", "texto_original": "http://sapl.donaines.pb.leg.br/media/sapl/public/materialegislativa/2019/3131/lei_municipal_no_816_de_2019.pdf", "ementa": "ESTIMA A RECEITA E FIXA A DESPESA DA PREFEITURA MUNICIPAL DE DONA IN\u00caS PARA O EXERC\u00cdCIO ECON\u00d4MICO \u2013 FINANCEIRO DE 2020, E OUTRAS PROVID\u00caNCIAS."}]}