{"id":4070,"__str__":"Requerimento n\u00ba 40 de 2026","link_detail_backend":"/materia/4070","metadata":{},"numero":40,"ano":2026,"numero_protocolo":61,"data_apresentacao":"2026-04-27","tipo_apresentacao":"E","data_publicacao":null,"numero_origem_externa":"","ano_origem_externa":null,"data_origem_externa":null,"apelido":"","dias_prazo":null,"data_fim_prazo":null,"em_tramitacao":false,"polemica":false,"objeto":"","complementar":false,"ementa":"Solicita audi\u00eancia p\u00fablica do Poder Legislativo com a popula\u00e7\u00e3o.","indexacao":"","observacao":"","resultado":"","texto_original":null,"data_ultima_atualizacao":"2026-04-29T08:47:06.208110-03:00","ip":"168.227.38.242","ultima_edicao":"2026-04-29T08:36:23.116926-03:00","tipo":3,"regime_tramitacao":1,"tipo_origem_externa":null,"local_origem_externa":null,"user":14,"anexadas":[],"autores":[76]}