{"id":4006,"__str__":"Projeto de Lei Ordin\u00e1ria n\u00ba 6 de 2026","link_detail_backend":"/materia/4006","metadata":{},"numero":6,"ano":2026,"numero_protocolo":7,"data_apresentacao":"2026-02-02","tipo_apresentacao":"E","data_publicacao":null,"numero_origem_externa":"","ano_origem_externa":null,"data_origem_externa":null,"apelido":"","dias_prazo":null,"data_fim_prazo":null,"em_tramitacao":true,"polemica":false,"objeto":"","complementar":false,"ementa":"Institui o Programa de Capacita\u00e7\u00e3o de Professores de l\u00ednguas estrangeiras e d\u00e1 outras provid\u00eancias.","indexacao":"","observacao":"","resultado":"","texto_original":null,"data_ultima_atualizacao":"2026-02-11T07:43:41.072471-03:00","ip":"177.223.92.233","ultima_edicao":"2026-02-11T07:43:41.071480-03:00","tipo":1,"regime_tramitacao":1,"tipo_origem_externa":null,"local_origem_externa":null,"user":14,"anexadas":[],"autores":[76]}