{"id":4001,"__str__":"Projeto de Lei Ordin\u00e1ria n\u00ba 1 de 2026","link_detail_backend":"/materia/4001","metadata":{},"numero":1,"ano":2026,"numero_protocolo":52,"data_apresentacao":"2026-02-02","tipo_apresentacao":"E","data_publicacao":null,"numero_origem_externa":"","ano_origem_externa":null,"data_origem_externa":null,"apelido":"","dias_prazo":null,"data_fim_prazo":null,"em_tramitacao":false,"polemica":false,"objeto":"","complementar":false,"ementa":"Disp\u00f5e sobre a revis\u00e3o geral anual dos subs\u00eddios do Presidente da C\u00e2mara e dos vereadores, bem como dos vencimentos dos Servidores Efetivos e Comissionados da C\u00e2mara Municipal de Dona In\u00eas/PB, e d\u00e1 outras provid\u00eancias.","indexacao":"","observacao":"","resultado":"","texto_original":"http://sapl.donaines.pb.leg.br/media/sapl/public/materialegislativa/2026/4001/projeto_de_lei_no_001-2026_-_mesa_diretora.pdf","data_ultima_atualizacao":"2026-04-27T08:11:27.927951-03:00","ip":"168.227.38.243","ultima_edicao":"2026-04-27T08:11:27.923273-03:00","tipo":1,"regime_tramitacao":1,"tipo_origem_externa":null,"local_origem_externa":null,"user":14,"anexadas":[],"autores":[35]}