{"id":3996,"__str__":"Mensagem n\u00ba 33 de 2025","link_detail_backend":"/materia/3996","metadata":{},"numero":33,"ano":2025,"numero_protocolo":null,"data_apresentacao":"2025-12-11","tipo_apresentacao":"E","data_publicacao":null,"numero_origem_externa":"","ano_origem_externa":null,"data_origem_externa":null,"apelido":"","dias_prazo":null,"data_fim_prazo":null,"em_tramitacao":false,"polemica":false,"objeto":"","complementar":false,"ementa":"Projeto de Lei que DISP\u00d5E SOBRE A CRIA\u00c7\u00c3O DO POLO DE APOIO PRESENCIAL DA UNIVERSIDADE ABERTA DO BRASIL - UAB PROF. VILMA ALMEIDA DA SILVA, NO MUNIC\u00cdPIO DE DONA IN\u00caS - PB, EM PARCERIA COM A UNIVERSIADE FEDERAL DA PARA\u00cdBA - UFPB, E D\u00c1 OUTRAS PROVID\u00caNCIAS.\r\nA gest\u00e3o Municipal celebrar\u00e1 parceria com a Universidade Federal da Para\u00edba, visando a instala\u00e7\u00e3o do Polo da Universidade Aberta do Brasil - UAB que ofertar\u00e1 cursos da UFPB na modalidade de Educa\u00e7\u00e3o a dist\u00e2ncia e semipresencial no Munic\u00edpio de Dona In\u00eas-PB.\r\nO Polo UAB ser\u00e1 instalado na Escola Municipal de Ensino Fundamental Senador Humberto Lucena da rede municipal deste Munic\u00edpio.","indexacao":"","observacao":"","resultado":"","texto_original":null,"data_ultima_atualizacao":"2026-01-15T10:58:18.574111-03:00","ip":"168.227.38.243","ultima_edicao":"2026-01-15T10:52:10.341031-03:00","tipo":4,"regime_tramitacao":1,"tipo_origem_externa":null,"local_origem_externa":null,"user":14,"anexadas":[],"autores":[31]}