{"id":3917,"__str__":"Requerimento n\u00ba 97 de 2025","link_detail_backend":"/materia/3917","metadata":{},"numero":97,"ano":2025,"numero_protocolo":152,"data_apresentacao":"2025-09-08","tipo_apresentacao":"E","data_publicacao":null,"numero_origem_externa":"","ano_origem_externa":null,"data_origem_externa":null,"apelido":"","dias_prazo":null,"data_fim_prazo":null,"em_tramitacao":false,"polemica":false,"objeto":"","complementar":false,"ementa":"Solicita que seja cal\u00e7ada a ladeira do S\u00edtio Z\u00e9 Paz, sentido Dema Henrique.","indexacao":"","observacao":"","resultado":"","texto_original":"http://sapl.donaines.pb.leg.br/media/sapl/public/materialegislativa/2025/3917/requerimento_n_097-2025_denilson_alves.pdf","data_ultima_atualizacao":"2025-09-15T08:53:12.410523-03:00","ip":"177.223.92.181","ultima_edicao":"2025-09-15T08:53:12.260948-03:00","tipo":3,"regime_tramitacao":1,"tipo_origem_externa":null,"local_origem_externa":null,"user":14,"anexadas":[],"autores":[82]}