{"id":3541,"__str__":"Projeto de Lei Ordin\u00e1ria n\u00ba 21 de 2025","link_detail_backend":"/materia/3541","metadata":{},"numero":21,"ano":2025,"numero_protocolo":101,"data_apresentacao":"2025-06-02","tipo_apresentacao":"E","data_publicacao":null,"numero_origem_externa":"","ano_origem_externa":null,"data_origem_externa":null,"apelido":"","dias_prazo":null,"data_fim_prazo":null,"em_tramitacao":false,"polemica":false,"objeto":"","complementar":false,"ementa":"Disp\u00f5e sobre a cria\u00e7\u00e3o de hortas escolares e hortas comunit\u00e1rias e d\u00e1 outras provid\u00eancias.","indexacao":"","observacao":"","resultado":"","texto_original":"http://sapl.donaines.pb.leg.br/media/sapl/public/materialegislativa/2025/3541/projeto_de_lei_n_021.pdf","data_ultima_atualizacao":"2025-09-11T11:13:37.667033-03:00","ip":"201.77.106.5","ultima_edicao":"2025-09-11T10:05:29.713596-03:00","tipo":1,"regime_tramitacao":1,"tipo_origem_externa":null,"local_origem_externa":null,"user":14,"anexadas":[],"autores":[76]}