{"id":2402,"__str__":"Projeto de Lei Complementar n\u00ba 3 de 2021","link_detail_backend":"/materia/2402","metadata":{},"numero":3,"ano":2021,"numero_protocolo":null,"data_apresentacao":"2021-04-12","tipo_apresentacao":"E","data_publicacao":null,"numero_origem_externa":"","ano_origem_externa":null,"data_origem_externa":null,"apelido":"","dias_prazo":null,"data_fim_prazo":null,"em_tramitacao":false,"polemica":false,"objeto":"","complementar":false,"ementa":"AUTORIZA O PODER EXECUTIVO MUNICIPAL SOBRE A PRIORIDADE NA FILA DE VACINA\u00c7\u00c3O CONTRA COVID-19, PESSOAS COM NECESSIDADES ESPECIAIS, GARIS, PROFESSORES E TODOS OS ENVOLVIDOS NA EDUCA\u00c7\u00c3O.","indexacao":"","observacao":"","resultado":"","texto_original":"http://sapl.donaines.pb.leg.br/media/sapl/public/materialegislativa/2021/2402/projeto_de_lei_n03.pdf","data_ultima_atualizacao":"2021-09-29T10:54:37.783193-03:00","ip":"177.86.180.34","ultima_edicao":"2021-09-29T10:52:25.735585-03:00","tipo":5,"regime_tramitacao":1,"tipo_origem_externa":null,"local_origem_externa":null,"user":9,"anexadas":[],"autores":[76]}