{"id":1927,"__str__":"Projeto de Decreto Legislativo n\u00ba 1 de 1996","link_detail_backend":"/materia/1927","metadata":{},"numero":1,"ano":1996,"numero_protocolo":136,"data_apresentacao":"1996-05-11","tipo_apresentacao":"E","data_publicacao":null,"numero_origem_externa":"","ano_origem_externa":null,"data_origem_externa":null,"apelido":"","dias_prazo":null,"data_fim_prazo":null,"em_tramitacao":false,"polemica":false,"objeto":"","complementar":false,"ementa":"FIXA A RENUMERA\u00c7\u00c3O MENSAL DO PREFEITO E DO VICE-PREFEITO PARA \u00c1 LEGISLATURA A  INICIAR-SE EM 1\u00b0 DE JANEIRO DE 1997, E D\u00c1 OUTRAS PROVID\u00caNCIAS CORRELATAS","indexacao":"","observacao":"","resultado":"","texto_original":"http://sapl.donaines.pb.leg.br/media/sapl/public/materialegislativa/1996/1927/1927_texto_integral.pdf","data_ultima_atualizacao":"2018-08-31T16:59:19.356264-03:00","ip":"","ultima_edicao":null,"tipo":6,"regime_tramitacao":1,"tipo_origem_externa":null,"local_origem_externa":null,"user":null,"anexadas":[],"autores":[35]}