{"id":5,"__str__":"Parecer - PARECER N\u00ba 025/2013 de 23/09/2013 por COMISS\u00c3O DE JUSTI\u00c7A E REDA\u00c7\u00c3O","link_detail_backend":"/materia/documentoacessorio/5","metadata":{},"nome":"PARECER N\u00ba 025/2013","data":"2013-09-23","autor":"COMISS\u00c3O DE JUSTI\u00c7A E REDA\u00c7\u00c3O","ementa":"                                        \r\n                ENCONTRA-SE NA PAUTA DESTA COMISS\u00c3O O PROJETO DE DECRETO LEGISLATIVO N\u00ba 002/2013.\"QUE CONCEDE T\u00cdTULO DE CIDAD\u00c3O DONAINESENSE E ADOTA OUTRAS PROVID\u00caNCIAS\". DE AUTORIA DO VEREADOR DEM\u00c9TRIO FERREIRA DA SILVA.\r\n                ","indexacao":"","arquivo":"http://sapl.donaines.pb.leg.br/media/sapl/public/documentoacessorio/2013/5/5.pdf","data_ultima_atualizacao":"2018-08-31T16:59:20.460576-03:00","materia":649,"tipo":1}